{"id":13131,"date":"2025-10-28T19:58:25","date_gmt":"2025-10-28T19:58:25","guid":{"rendered":"https:\/\/informacionlocal.es\/arranca-una-nueva-edicion-de-los-cursos-we-are-y-wir-sind-fuerteventura\/"},"modified":"2025-10-28T19:58:25","modified_gmt":"2025-10-28T19:58:25","slug":"arranca-una-nueva-edicion-de-los-cursos-we-are-y-wir-sind-fuerteventura","status":"publish","type":"post","link":"https:\/\/informacionlocal.es\/it\/arranca-una-nueva-edicion-de-los-cursos-we-are-y-wir-sind-fuerteventura\/","title":{"rendered":"Arranca una nueva edici\u00f3n de los cursos We Are y Wir Sind Fuerteventura"},"content":{"rendered":"<div class=\"entry-content\"><strong>28 octubre, 2025<\/strong><\/p>\n<p><em><strong>Alrededor de 200 personas se han interesado ya por estos cursos de ingl\u00e9s y alem\u00e1n para la atenci\u00f3n tur\u00edstica.<\/strong><\/em><\/p>\n<p>El Cabildo de Fuerteventura, a trav\u00e9s de la Consejer\u00eda de Promoci\u00f3n Econ\u00f3mica y Fomento del Empleo, y ecca.edu\u00a0han dado inicio a la nueva edici\u00f3n de los cursos de idiomas \u2018We Are Fuerteventura\u2019 y \u2018Wir Sind Fuerteventura\u2019 dirigidos a la atenci\u00f3n tur\u00edstica en la isla.<\/p>\n<p>Casi dos centenares de personas se han interesado ya por los cursos, una iniciativa que busca mejorar las competencias ling\u00fc\u00edsticas de la poblaci\u00f3n y aumentar sus oportunidades de empleo en sectores como transporte, comercio, seguridad o servicios sanitarios, ya que este a\u00f1o se incorpora un curso de ingl\u00e9s espec\u00edfico en el contexto sanitario.<\/p>\n<p>Las inscripciones contin\u00faan abiertas y pueden realizarse a trav\u00e9s de la p\u00e1gina web oficial del Cabildo\u00a0 https:\/\/docs.google.com\/forms\/d\/e\/1FAIpQLScHhxNPiLjAYHXSySpWdrfO6Z570MFoNhWvL5CTJWkJnKrH2A\/viewform <\/p>\n<p>La consejera del \u00e1rea, Nuria Cabrera, agradeci\u00f3 la buena respuesta a los cursos porque \u201cque casi 200 personas se interesen en ellos confirma que estamos ofreciendo formaci\u00f3n \u00fatil y pr\u00e1ctica para mejorar la empleabilidad en Fuerteventura\u201d. En el inicio de los cursos estuvo acompa\u00f1ada por Carmen Nieves Hern\u00e1ndez, delegada insular de\u00a0ecca.edu.<\/p>\n<p>La iniciativa cuenta con una financiaci\u00f3n de 31.000 euros, aportados por el Cabildo y el Fondo de Desarrollo de Canarias (FDCAN), cubriendo la totalidad del proyecto. La metodolog\u00eda combina material did\u00e1ctico, audiovisual y acci\u00f3n tutorial, ofreci\u00e9ndose en cuatro puntos de la Isla: Corralejo, Gran Tarajal, Puerto del Rosario y Morro Jable.<\/p>\n<\/div>\n","protected":false},"excerpt":{"rendered":"<p>28 octubre, 2025 Alrededor de 200 personas se han interesado ya por estos cursos de ingl\u00e9s y alem\u00e1n para la atenci\u00f3n tur\u00edstica. El Cabildo de Fuerteventura, a trav\u00e9s de la [&hellip;]<\/p>\n","protected":false},"author":1,"featured_media":13133,"comment_status":"open","ping_status":"open","sticky":false,"template":"","format":"standard","meta":{"inline_featured_image":false,"jnews-multi-image_gallery":[],"jnews_single_post":[],"jnews_primary_category":[],"jnews_social_meta":[],"jnews_override_counter":[],"jnews_post_split":[],"footnotes":""},"categories":[58],"tags":[82],"class_list":["post-13131","post","type-post","status-publish","format-standard","has-post-thumbnail","hentry","category-cabildo","tag-fuerteventura"],"jetpack_featured_media_url":"https:\/\/informacionlocal.es\/wp-content\/uploads\/2025\/10\/gran-tarajal.jpeg","_links":{"self":[{"href":"https:\/\/informacionlocal.es\/it\/wp-json\/wp\/v2\/posts\/13131","targetHints":{"allow":["GET"]}}],"collection":[{"href":"https:\/\/informacionlocal.es\/it\/wp-json\/wp\/v2\/posts"}],"about":[{"href":"https:\/\/informacionlocal.es\/it\/wp-json\/wp\/v2\/types\/post"}],"author":[{"embeddable":true,"href":"https:\/\/informacionlocal.es\/it\/wp-json\/wp\/v2\/users\/1"}],"replies":[{"embeddable":true,"href":"https:\/\/informacionlocal.es\/it\/wp-json\/wp\/v2\/comments?post=13131"}],"version-history":[{"count":0,"href":"https:\/\/informacionlocal.es\/it\/wp-json\/wp\/v2\/posts\/13131\/revisions"}],"wp:featuredmedia":[{"embeddable":true,"href":"https:\/\/informacionlocal.es\/it\/wp-json\/wp\/v2\/media\/13133"}],"wp:attachment":[{"href":"https:\/\/informacionlocal.es\/it\/wp-json\/wp\/v2\/media?parent=13131"}],"wp:term":[{"taxonomy":"category","embeddable":true,"href":"https:\/\/informacionlocal.es\/it\/wp-json\/wp\/v2\/categories?post=13131"},{"taxonomy":"post_tag","embeddable":true,"href":"https:\/\/informacionlocal.es\/it\/wp-json\/wp\/v2\/tags?post=13131"}],"curies":[{"name":"wp","href":"https:\/\/api.w.org\/{rel}","templated":true}]}}