{"id":13125,"date":"2025-10-28T18:58:36","date_gmt":"2025-10-28T18:58:36","guid":{"rendered":"https:\/\/informacionlocal.es\/continuan-los-actos-vandalicos-contra-el-servicio-de-jardines-de-la-oliva\/"},"modified":"2025-10-28T18:58:36","modified_gmt":"2025-10-28T18:58:36","slug":"continuan-los-actos-vandalicos-contra-el-servicio-de-jardines-de-la-oliva","status":"publish","type":"post","link":"https:\/\/informacionlocal.es\/it\/continuan-los-actos-vandalicos-contra-el-servicio-de-jardines-de-la-oliva\/","title":{"rendered":"Contin\u00faan los actos vand\u00e1licos contra el servicio de Jardines de La Oliva"},"content":{"rendered":"<p>El servicio de Jardines del Ayuntamiento de La Oliva vuelve a sufrir nuevos actos vand\u00e1licos. Los operarios de Zonas Verdes se encontraron hoy, 28 de octubre, con el robo en Villaverde de m\u00e1s de 200 metros de manguera instalada hace menos de una semana, en concreto, el pasado jueves, 23 de octubre. Esta no es la primera vez que la Concejal\u00eda de Jardines, bajo el mando de Ver\u00f3nica Saavedra, se encuentra con este tipo de actos inc\u00edvicos. <\/p>\n<p>As\u00ed pues, el Consistorio denunciaba, el pasado 3 de octubre, el vandalismo ejercido a trav\u00e9s del derrame de gasoil sobre \u00e1rboles y palmeras en Tindaya, que se une a un amplio listado de robos y plantas arrancadas en los jardines del territorio municipal.<\/p>\n<p>El alcalde de La Oliva, Isa\u00ed Blanco, pone de relieve la importancia que tiene la colaboraci\u00f3n ciudadana en la denuncia de este tipo de actuaciones: \u201cSi bien es cierto que la Concejal\u00eda de Jardines trabaja d\u00eda a d\u00eda para mejorar las zonas verdes del municipio y el nuevo contrato proporciona, indudablemente, un nuevo servicio que ya se puede ver en nuestros pueblos, necesitamos que cualquier vecino o vecina que presencie este tipo de actuaciones, las ponga en conocimiento de la Polic\u00eda Local.\u201d <\/p>\n<p>\u201cA pesar de que el Ayuntamiento se encarga de proporcionar los servicios necesarios para La Oliva, es vital que todos y cada uno de nosotros y nosotras contribuyamos en el cuidado del municipio\u201d manifiesta Blanco.<\/p>\n<p>Por su parte, la concejala de Jardines, Ver\u00f3nica Saavedra, destaca el doble esfuerzo que supone para el servicio municipal este tipo de actos: \u201cEl vandalismo repercute directamente en la calidad del servicio que ofrecemos desde Jardines. En menos de una semana, los operarios han colocado la manguera que supondr\u00eda la instalaci\u00f3n, por primera vez, del sistema de riego de las palmeras de la entrada al pueblo de Villaverde y, en tan solo 5 d\u00edas, nos hemos encontrado con el robo de m\u00e1s de 200 metros de estos tubos.\u201d<\/p>\n<p>\u201cAhora tenemos que retirar la manguera cortada para instalar una nueva con un sistema que dificulte el robo de la misma. Este tiempo y esfuerzo del equipo significa el doble de horas destinadas para una misma actuaci\u00f3n que, sin embargo, no se repetir\u00eda si no fuera por el robo de la manguera\u201d declara Saavedra. <\/p>\n<p>Desde el Ayuntamiento de La Oliva se solicita, una vez m\u00e1s, la colaboraci\u00f3n ciudadana con el fin de frenar este tipo de actos inc\u00edvicos y contribuir al cuidado del municipio. En caso de presenciar alguna de estas actuaciones, p\u00f3ngase en contacto con la Polic\u00eda Local.<\/p>\n","protected":false},"excerpt":{"rendered":"<p><span>Roban m\u00e1s de 200 metros de manguera instalada el pasado jueves, 23 de octubre, a la entrada de Villaverde<\/span><\/p>\n","protected":false},"author":1,"featured_media":13127,"comment_status":"open","ping_status":"open","sticky":false,"template":"","format":"standard","meta":{"inline_featured_image":false,"jnews-multi-image_gallery":[],"jnews_single_post":[],"jnews_primary_category":[],"jnews_social_meta":[],"jnews_override_counter":[],"jnews_post_split":[],"footnotes":""},"categories":[62],"tags":[],"class_list":["post-13125","post","type-post","status-publish","format-standard","has-post-thumbnail","hentry","category-la-oliva"],"jetpack_featured_media_url":"https:\/\/informacionlocal.es\/wp-content\/uploads\/2025\/10\/5267_de68f842.png","_links":{"self":[{"href":"https:\/\/informacionlocal.es\/it\/wp-json\/wp\/v2\/posts\/13125","targetHints":{"allow":["GET"]}}],"collection":[{"href":"https:\/\/informacionlocal.es\/it\/wp-json\/wp\/v2\/posts"}],"about":[{"href":"https:\/\/informacionlocal.es\/it\/wp-json\/wp\/v2\/types\/post"}],"author":[{"embeddable":true,"href":"https:\/\/informacionlocal.es\/it\/wp-json\/wp\/v2\/users\/1"}],"replies":[{"embeddable":true,"href":"https:\/\/informacionlocal.es\/it\/wp-json\/wp\/v2\/comments?post=13125"}],"version-history":[{"count":0,"href":"https:\/\/informacionlocal.es\/it\/wp-json\/wp\/v2\/posts\/13125\/revisions"}],"wp:featuredmedia":[{"embeddable":true,"href":"https:\/\/informacionlocal.es\/it\/wp-json\/wp\/v2\/media\/13127"}],"wp:attachment":[{"href":"https:\/\/informacionlocal.es\/it\/wp-json\/wp\/v2\/media?parent=13125"}],"wp:term":[{"taxonomy":"category","embeddable":true,"href":"https:\/\/informacionlocal.es\/it\/wp-json\/wp\/v2\/categories?post=13125"},{"taxonomy":"post_tag","embeddable":true,"href":"https:\/\/informacionlocal.es\/it\/wp-json\/wp\/v2\/tags?post=13125"}],"curies":[{"name":"wp","href":"https:\/\/api.w.org\/{rel}","templated":true}]}}