{"id":13101,"date":"2025-10-28T14:58:29","date_gmt":"2025-10-28T14:58:29","guid":{"rendered":"https:\/\/informacionlocal.es\/cuenta-atras-para-el-festival-arena-negra-que-completa-su-cartel-con-programacion-de-dia\/"},"modified":"2025-10-28T14:58:29","modified_gmt":"2025-10-28T14:58:29","slug":"cuenta-atras-para-el-festival-arena-negra-que-completa-su-cartel-con-programacion-de-dia","status":"publish","type":"post","link":"https:\/\/informacionlocal.es\/it\/cuenta-atras-para-el-festival-arena-negra-que-completa-su-cartel-con-programacion-de-dia\/","title":{"rendered":"Cuenta atr\u00e1s para el Festival Arena Negra que completa su cartel con programaci\u00f3n de d\u00eda"},"content":{"rendered":"<div class=\"entry-content\"><strong>28 octubre, 2025<\/strong><\/p>\n<p><em><strong>El s\u00e1bado, d\u00eda 8 de noviembre, se celebrar\u00e1n los conciertos de d\u00eda con Grupo Timbeque, Sirinoque Folk, Caluu.C, Los Vinagres y Lucrecia<\/strong><\/em><\/p>\n<p>El Festival Arena Negra regresa los d\u00edas 7 y 8 de noviembre, consolid\u00e1ndose como uno de los eventos culturales, sociales y musicales m\u00e1s importantes de Fuerteventura y Canarias, contando con grandes artistas nacionales, internacionales y locales, con un cartel encabezado por Antonio Orozco, Abraham Mateo, Lucho RK y Miguel R\u00edos.<\/p>\n<p>El viernes, 7 de noviembre, actuar\u00e1n Aldara, Miguel R\u00edos, Antonio Orozco y Grupo Extra. Por su parte, el s\u00e1bado, 8 de noviembre, se suben al escenario El Duende Callejero, Guaynaa, Abraham Mateo y Lucho RK.\u00a0<\/p>\n<p>En el d\u00eda de hoy, se ha desvelado, adem\u00e1s, el cartel del festival de d\u00eda, que cuenta con gran presencia de artistas locales como Timbeque, Sirinoke Folk y Caluu.C, procedentes de Fuerteventura, as\u00ed como Los Vinagres de La Palma, adem\u00e1s de Lucrecia, una de las voces m\u00e1s importantes de Latinoam\u00e9rica y Europa. Los conciertos de d\u00eda tendr\u00e1n lugar el s\u00e1bado, 8 de noviembre, a partir de las 12.00 horas, en el recinto ferial de Gran Tarajal.<\/p>\n<p>El Festival Arena Negra est\u00e1 organizado por la Consejer\u00eda de Cultura del Cabildo de Fuerteventura, con la colaboraci\u00f3n del Gobierno de Canarias y el Ayuntamiento de Tuineje.<\/p>\n<p>Para el consejero de Cultura, Rayco Le\u00f3n, \u201ces un orgullo poder presentar una nueva edici\u00f3n de uno de los eventos con mayor proyecci\u00f3n de toda Canarias\u201d. Le\u00f3n agradeci\u00f3 a todas las entidades y colectivos, as\u00ed como a los artistas y el p\u00fablico, que contribuyen \u201cpara que este fin de semana de m\u00fasica y cultura sea tan especial\u201d.<\/p>\n<p>En palabras de la alcaldesa de Tuineje, Candelaria Umpi\u00e9rrez, \u201cesta edici\u00f3n supone consolidar un evento destacado dentro del circuito canario de festivales, que es muy esperado. Desde principios de a\u00f1o nos preguntan por sus fechas de celebraci\u00f3n, lo que demuestra la gran repercusi\u00f3n que supone no s\u00f3lo para Gran Tarajal, sino para todo el municipio\u201d.<\/p>\n<p>En representaci\u00f3n de la Asociaci\u00f3n de la Peque\u00f1a y Mediana Empresa de Tuineje \u2018La Gavia\u2019, Romina Padilla expres\u00f3 \u201cel alcance insular que tiene el evento, lo que implica una dinamizaci\u00f3n comercial inigualable para el municipio y, concretamente, Gran Tarajal\u201d. Padilla agradeci\u00f3 al Cabildo y Ayuntamiento de Tuineje \u201cpor darnos la oportunidad de participar en la organizaci\u00f3n del festival de d\u00eda\u201d.<\/p>\n<p>Mat\u00edas Garc\u00eda, en representaci\u00f3n de Caja 7, mostr\u00f3 su agradecimiento a todas las instituciones y personas involucradas para que el festival pueda celebrarse. \u201cCreemos en la cultura como motor de la dinamizaci\u00f3n econ\u00f3mica, social y sostenible\u201d, resalt\u00f3 el representante de la entidad durante la presentaci\u00f3n, que cont\u00f3 con la presencia, adem\u00e1s, de la concejala de Cultura, Dulce Garc\u00eda.<\/p>\n<p><strong>Cartel de D\u00eda<\/strong><\/p>\n<p>La formaci\u00f3n m\u00fasico-vocal<strong>\u00a0Timbeque,\u00a0<\/strong>del sur de Fuerteventura, ha recorrido la geograf\u00eda insular poniendo en valor la riqueza de la m\u00fasica canaria y popular. Un repertorio que viaja entre continentes y un legado cultural que perdura. Desde temas canarios en los que han rescatado tradiciones desaparecidas de nuestra tierra, hasta melod\u00edas latinoamericanas. Pero Timbeque no solo se queda en el folklore local. La agrupaci\u00f3n incorpora instrumentos como el cuatro venezolano y el tres cubano, que se suman al tradicional timple canario.<\/p>\n<p><strong>Sirinoke Folk\u00a0<\/strong>es un grupo de m\u00fasica Celta fundado en 2019 por residentes en Fuerteventura. Mantienen un v\u00ednculo vital con Canarias, como principal fuente de inspiraci\u00f3n, por lo que los instrumentos tradicionales se fusionan con sonidos, melod\u00edas y arreglos que transportan al p\u00fablico hasta los verdes prados de otras latitudes.<\/p>\n<p><strong>Los Vinagres\u00a0<\/strong>nace en la isla de La Palma y despegan en 2015 con la publicaci\u00f3n de su single\u00a0<em>Aqu\u00ed No Hay Playa<\/em>. Tras a\u00f1os de giras y procesos de composici\u00f3n, en 2018 editan su primer LP:\u00a0<em>Los Volcanes<\/em>, consolidando su rock volc\u00e1nico, mezclado con influencias rockeras y latinas.\u00a0 A este trabajo discogr\u00e1fico le sigue el disco\u00a0<em>Buen Clima<\/em>, con una producci\u00f3n m\u00e1s elaborada para sus canciones.<\/p>\n<p>La joven cantautora espa\u00f1ola<strong>\u00a0Caluu.C\u00a0<\/strong>suma tres lanzamientos con buena recepci\u00f3n del p\u00fablico y una proyecci\u00f3n que promete seguir creciendo. La artista ha demostrado que no se encasilla en una \u00fanica f\u00f3rmula, sino que transita con comodidad entre g\u00e9neros como el reggaeton, el pop y la bachata, siempre con una impronta personal.<\/p>\n<p><strong>Lucrecia\u00a0<\/strong>es una de las voces femeninas m\u00e1s importantes de Latinoam\u00e9rica y Europa. Su poderosa voz e incre\u00edble versatilidad le ha granjeado un sitio indiscutible en el panorama internacional de la m\u00fasica. Su \u00faltimo \u00e1lbum\u00a0<em>Lucrecia de Mil Maneras<\/em>\u00a0es un testimonio de la riqueza musical y versatilidad de la artista.<\/p>\n<\/div>\n","protected":false},"excerpt":{"rendered":"<p>28 octubre, 2025 El s\u00e1bado, d\u00eda 8 de noviembre, se celebrar\u00e1n los conciertos de d\u00eda con Grupo Timbeque, Sirinoque Folk, Caluu.C, Los Vinagres y Lucrecia El Festival Arena Negra regresa [&hellip;]<\/p>\n","protected":false},"author":1,"featured_media":13103,"comment_status":"open","ping_status":"open","sticky":false,"template":"","format":"standard","meta":{"inline_featured_image":false,"jnews-multi-image_gallery":[],"jnews_single_post":[],"jnews_primary_category":[],"jnews_social_meta":[],"jnews_override_counter":[],"jnews_post_split":[],"footnotes":""},"categories":[58],"tags":[69,82],"class_list":["post-13101","post","type-post","status-publish","format-standard","has-post-thumbnail","hentry","category-cabildo","tag-eventos","tag-fuerteventura"],"jetpack_featured_media_url":"https:\/\/informacionlocal.es\/wp-content\/uploads\/2025\/10\/20251028-arena-negra_20251028_arena_negra-11-1-scaled.jpg","_links":{"self":[{"href":"https:\/\/informacionlocal.es\/it\/wp-json\/wp\/v2\/posts\/13101","targetHints":{"allow":["GET"]}}],"collection":[{"href":"https:\/\/informacionlocal.es\/it\/wp-json\/wp\/v2\/posts"}],"about":[{"href":"https:\/\/informacionlocal.es\/it\/wp-json\/wp\/v2\/types\/post"}],"author":[{"embeddable":true,"href":"https:\/\/informacionlocal.es\/it\/wp-json\/wp\/v2\/users\/1"}],"replies":[{"embeddable":true,"href":"https:\/\/informacionlocal.es\/it\/wp-json\/wp\/v2\/comments?post=13101"}],"version-history":[{"count":0,"href":"https:\/\/informacionlocal.es\/it\/wp-json\/wp\/v2\/posts\/13101\/revisions"}],"wp:featuredmedia":[{"embeddable":true,"href":"https:\/\/informacionlocal.es\/it\/wp-json\/wp\/v2\/media\/13103"}],"wp:attachment":[{"href":"https:\/\/informacionlocal.es\/it\/wp-json\/wp\/v2\/media?parent=13101"}],"wp:term":[{"taxonomy":"category","embeddable":true,"href":"https:\/\/informacionlocal.es\/it\/wp-json\/wp\/v2\/categories?post=13101"},{"taxonomy":"post_tag","embeddable":true,"href":"https:\/\/informacionlocal.es\/it\/wp-json\/wp\/v2\/tags?post=13101"}],"curies":[{"name":"wp","href":"https:\/\/api.w.org\/{rel}","templated":true}]}}