{"id":13041,"date":"2025-10-27T17:58:25","date_gmt":"2025-10-27T17:58:25","guid":{"rendered":"https:\/\/informacionlocal.es\/puerto-del-rosario-celebra-halloween-and-dia-de-los-finaos-para-acercar-tradiciones-y-culturas\/"},"modified":"2025-10-27T17:58:25","modified_gmt":"2025-10-27T17:58:25","slug":"puerto-del-rosario-celebra-halloween-and-dia-de-los-finaos-para-acercar-tradiciones-y-culturas","status":"publish","type":"post","link":"https:\/\/informacionlocal.es\/it\/puerto-del-rosario-celebra-halloween-and-dia-de-los-finaos-para-acercar-tradiciones-y-culturas\/","title":{"rendered":"Puerto del Rosario celebra \u201cHalloween and D\u00eda de los Finaos\u201d para acercar tradiciones y culturas"},"content":{"rendered":"<div class=\"entry-content\">\n<ul>\n<li><span><strong>La Casa de la Cultura acoger\u00e1 este 30 de octubre una tarde de actividades infantiles en torno a las celebraciones de ambas festividades<\/strong><strong>\u00a0<\/strong><\/span><\/li>\n<\/ul>\n<p><span><strong>En Puerto del Rosario, a 27 de octubre de 2025.-<\/strong> El Ayuntamiento de Puerto del Rosario invita a participar en el encuentro \u201cHalloween and D\u00eda de los Finaos \u2013 Bringing Cultures Together\u201d, una jornada dedicada a los m\u00e1s peque\u00f1os en la que se combinar\u00e1n las tradiciones canarias con otras costumbres internacionales propias de estas fechas.<\/span><\/p>\n<p><span>Durante la jornada, los participantes podr\u00e1n disfrutar de talleres, juegos y din\u00e1micas creativas que pondr\u00e1n en valor tanto el car\u00e1cter festivo y simb\u00f3lico del D\u00eda de los Finaos, arraigado en la cultura canaria, como el esp\u00edritu l\u00fadico y de disfraces propio de Halloween.<\/span><\/p>\n<p><span>El alcalde de Puerto del Rosario, David de Vera, explic\u00f3 que \u201ceste tipo de actividades reflejan la diversidad cultural de nuestro municipio. Un lugar abierto, que respeta sus ra\u00edces, pero que tambi\u00e9n se enriquece con las tradiciones que llegan desde fuera. Es una forma divertida de ense\u00f1ar a los m\u00e1s j\u00f3venes que la cultura se comparte\u201d.<\/span><\/p>\n<p><img loading=\"lazy\" decoding=\"async\" loading=\"lazy\" class=\"size-large wp-image-157427 aligncenter\" src=\"https:\/\/informacionlocal.es\/wp-content\/uploads\/2025\/10\/halloween-cultura-724x1024-1.jpeg\" width=\"724\" height=\"1024\" title=\"halloween-cultura-724x1024-1\"><\/p>\n<p><span>El concejal de Cultura, Juan Manuel Verdugo, se\u00f1al\u00f3 que \u201cla Casa de la Cultura ser\u00e1 el escenario perfecto para unir dos mundos que, aunque diferentes, comparten un mismo mensaje, recordar a quienes ya no est\u00e1n y celebrar la vida. Queremos que los ni\u00f1os vivan esta experiencia aprendiendo, creando y disfrutando juntos\u201d.<\/span><\/p>\n<p><span>La actividad tendr\u00e1 lugar el jueves 30 de octubre, de 17:00 a 20:00 horas, en la Casa de la Cultura, y est\u00e1 dirigida a ni\u00f1os y ni\u00f1as de entre 6 y 12 a\u00f1os. Las plazas son limitadas y las inscripciones pueden realizarse a trav\u00e9s del n\u00famero 928 859 440 o mediante el c\u00f3digo QR incluido en el cartel informativo.<\/span><\/p>\n<\/div>\n","protected":false},"excerpt":{"rendered":"<p>La Casa de la Cultura acoger\u00e1 este 30 de octubre una tarde de actividades infantiles en torno a las celebraciones de ambas festividades\u00a0 En Puerto del Rosario, a 27 de [&hellip;]<\/p>\n","protected":false},"author":1,"featured_media":13043,"comment_status":"open","ping_status":"open","sticky":false,"template":"","format":"standard","meta":{"inline_featured_image":false,"jnews-multi-image_gallery":[],"jnews_single_post":[],"jnews_primary_category":[],"jnews_social_meta":[],"jnews_override_counter":[],"jnews_post_split":[],"footnotes":""},"categories":[61],"tags":[],"class_list":["post-13041","post","type-post","status-publish","format-standard","has-post-thumbnail","hentry","category-puerto-del-rosario"],"jetpack_featured_media_url":"https:\/\/informacionlocal.es\/wp-content\/uploads\/2025\/10\/halloween.png","_links":{"self":[{"href":"https:\/\/informacionlocal.es\/it\/wp-json\/wp\/v2\/posts\/13041","targetHints":{"allow":["GET"]}}],"collection":[{"href":"https:\/\/informacionlocal.es\/it\/wp-json\/wp\/v2\/posts"}],"about":[{"href":"https:\/\/informacionlocal.es\/it\/wp-json\/wp\/v2\/types\/post"}],"author":[{"embeddable":true,"href":"https:\/\/informacionlocal.es\/it\/wp-json\/wp\/v2\/users\/1"}],"replies":[{"embeddable":true,"href":"https:\/\/informacionlocal.es\/it\/wp-json\/wp\/v2\/comments?post=13041"}],"version-history":[{"count":0,"href":"https:\/\/informacionlocal.es\/it\/wp-json\/wp\/v2\/posts\/13041\/revisions"}],"wp:featuredmedia":[{"embeddable":true,"href":"https:\/\/informacionlocal.es\/it\/wp-json\/wp\/v2\/media\/13043"}],"wp:attachment":[{"href":"https:\/\/informacionlocal.es\/it\/wp-json\/wp\/v2\/media?parent=13041"}],"wp:term":[{"taxonomy":"category","embeddable":true,"href":"https:\/\/informacionlocal.es\/it\/wp-json\/wp\/v2\/categories?post=13041"},{"taxonomy":"post_tag","embeddable":true,"href":"https:\/\/informacionlocal.es\/it\/wp-json\/wp\/v2\/tags?post=13041"}],"curies":[{"name":"wp","href":"https:\/\/api.w.org\/{rel}","templated":true}]}}