{"id":13029,"date":"2025-10-27T15:58:27","date_gmt":"2025-10-27T15:58:27","guid":{"rendered":"https:\/\/informacionlocal.es\/la-feria-del-libro-entrega-el-premio-alexis-ravelo-a-asociacion-cultural-raiz-del-pueblo\/"},"modified":"2025-10-27T15:58:27","modified_gmt":"2025-10-27T15:58:27","slug":"la-feria-del-libro-entrega-el-premio-alexis-ravelo-a-asociacion-cultural-raiz-del-pueblo","status":"publish","type":"post","link":"https:\/\/informacionlocal.es\/it\/la-feria-del-libro-entrega-el-premio-alexis-ravelo-a-asociacion-cultural-raiz-del-pueblo\/","title":{"rendered":"La Feria del Libro entrega el premio Alexis Ravelo a Asociaci\u00f3n Cultural Ra\u00edz del Pueblo"},"content":{"rendered":"<div class=\"entry-content\"><strong>25 octubre, 2025<\/strong><\/p>\n<p>La Feria del Libro de Fuerteventura ha concedido el premio Alexis Ravelo a la Asociaci\u00f3n Cultural Ra\u00edz del Pueblo. La presidenta del Cabildo de Fuerteventura, Lola Garc\u00eda, entreg\u00f3 el distintivo este viernes, 24 de octubre, que fue recibido por Clara Vera Hern\u00e1ndez, bibliotecaria de la Asociaci\u00f3n Ra\u00edz del Pueblo, y una amplia representaci\u00f3n de la asociaci\u00f3n. Estuvieron presentes, adem\u00e1s, el consejero de Cultura, Rayco Le\u00f3n, el alcalde de La Oliva, Isa\u00ed Blanco, y la concejala de Festejos y Educaci\u00f3n de La Oliva, Omaira Saavedra.<\/p>\n<p>El Premio Alexis Ravelo es un galard\u00f3n ideado por la organizaci\u00f3n de la Feria con el que en cada edici\u00f3n se reconoce el trabajo de personas y colectivos que trabajan en el fomento del libro y la lectura, as\u00ed como su implicaci\u00f3n con la Feria del Libro de Fuerteventura.<\/p>\n<p>En su tercera edici\u00f3n, la feria ha querido reconocer el trabajo que desempe\u00f1a el colectivo por preservar la cultura en Fuerteventura, siendo Asociaci\u00f3n Cultural Ra\u00edz del Pueblo impulsora de la primera biblioteca del municipio, contribuyendo al fomento de las letras a trav\u00e9s, adem\u00e1s, de su club de lectura, siempre muy vinculado a la feria.<\/p>\n<p>Ra\u00edz del Pueblo realiza, asimismo, sus propias publicaciones, contribuyendo a incrementar la bibliograf\u00eda y documentaci\u00f3n sobre la isla de Fuerteventura.\u00a0<\/p>\n<\/div>\n","protected":false},"excerpt":{"rendered":"<p>25 octubre, 2025 La Feria del Libro de Fuerteventura ha concedido el premio Alexis Ravelo a la Asociaci\u00f3n Cultural Ra\u00edz del Pueblo. La presidenta del Cabildo de Fuerteventura, Lola Garc\u00eda, [&hellip;]<\/p>\n","protected":false},"author":1,"featured_media":13031,"comment_status":"open","ping_status":"open","sticky":false,"template":"","format":"standard","meta":{"inline_featured_image":false,"jnews-multi-image_gallery":[],"jnews_single_post":[],"jnews_primary_category":[],"jnews_social_meta":[],"jnews_override_counter":[],"jnews_post_split":[],"footnotes":""},"categories":[58],"tags":[82],"class_list":["post-13029","post","type-post","status-publish","format-standard","has-post-thumbnail","hentry","category-cabildo","tag-fuerteventura"],"jetpack_featured_media_url":"https:\/\/informacionlocal.es\/wp-content\/uploads\/2025\/10\/1761556108-4001c660bb297df0709d2f693223dabc.jpg","_links":{"self":[{"href":"https:\/\/informacionlocal.es\/it\/wp-json\/wp\/v2\/posts\/13029","targetHints":{"allow":["GET"]}}],"collection":[{"href":"https:\/\/informacionlocal.es\/it\/wp-json\/wp\/v2\/posts"}],"about":[{"href":"https:\/\/informacionlocal.es\/it\/wp-json\/wp\/v2\/types\/post"}],"author":[{"embeddable":true,"href":"https:\/\/informacionlocal.es\/it\/wp-json\/wp\/v2\/users\/1"}],"replies":[{"embeddable":true,"href":"https:\/\/informacionlocal.es\/it\/wp-json\/wp\/v2\/comments?post=13029"}],"version-history":[{"count":0,"href":"https:\/\/informacionlocal.es\/it\/wp-json\/wp\/v2\/posts\/13029\/revisions"}],"wp:featuredmedia":[{"embeddable":true,"href":"https:\/\/informacionlocal.es\/it\/wp-json\/wp\/v2\/media\/13031"}],"wp:attachment":[{"href":"https:\/\/informacionlocal.es\/it\/wp-json\/wp\/v2\/media?parent=13029"}],"wp:term":[{"taxonomy":"category","embeddable":true,"href":"https:\/\/informacionlocal.es\/it\/wp-json\/wp\/v2\/categories?post=13029"},{"taxonomy":"post_tag","embeddable":true,"href":"https:\/\/informacionlocal.es\/it\/wp-json\/wp\/v2\/tags?post=13029"}],"curies":[{"name":"wp","href":"https:\/\/api.w.org\/{rel}","templated":true}]}}