{"id":13011,"date":"2025-10-27T12:58:30","date_gmt":"2025-10-27T12:58:30","guid":{"rendered":"https:\/\/informacionlocal.es\/agustin-fernandez-mallo-y-nativel-preciado-en-la-ultima-jornada-de-la-35-edicion-de-la-feria-del-libro-de-fuerteventura\/"},"modified":"2025-10-27T12:58:30","modified_gmt":"2025-10-27T12:58:30","slug":"agustin-fernandez-mallo-y-nativel-preciado-en-la-ultima-jornada-de-la-35-edicion-de-la-feria-del-libro-de-fuerteventura","status":"publish","type":"post","link":"https:\/\/informacionlocal.es\/it\/agustin-fernandez-mallo-y-nativel-preciado-en-la-ultima-jornada-de-la-35-edicion-de-la-feria-del-libro-de-fuerteventura\/","title":{"rendered":"Agust\u00edn Fern\u00e1ndez Mallo y Nativel Preciado, en la \u00faltima jornada de la 35 edici\u00f3n de la Feria del Libro de Fuerteventura"},"content":{"rendered":"<div class=\"entry-content\"><strong>25 octubre, 2025<\/strong><\/p>\n<p><em><strong>El actor Pepe Viyuela protagoniza el espect\u00e1culo de clausura del encuentro literario<\/strong><\/em><\/p>\n<p>Agust\u00edn Fern\u00e1ndez Mallo, que protagonizar\u00e1 en el ciclo \u2018El escritor y t\u00fa\u2019, y la conocida periodista y escritora Nativel Preciado ser\u00e1n dos de los autores que participar\u00e1n, este domingo, en la \u00faltima jornada de la 25 edici\u00f3n de la Feria del Libro de Fuerteventura.<\/p>\n<p>Fern\u00e1ndez Mallo (La Coru\u00f1a, 1967) es un f\u00edsico y escritor espa\u00f1ol afincado en Palma de Mallorca. Es el autor de m\u00e1s de una veintena de obras, incluidas novelas, ensayos, poes\u00eda y otros tipos de narrativa. Es uno de los miembros m\u00e1s destacados de la llamada Generaci\u00f3n Nocilla, Generaci\u00f3n Mutante o Afterpop, cuya denominaci\u00f3n m\u00e1s popular procede del t\u00edtulo de una serie de sus novelas. Su obra ha sido traducida a una decena de idiomas. Estar\u00e1 a las 19:30 horas en la Carpa Josefina Pl\u00e1 acompa\u00f1ado por la periodista y escritora Laura Fern\u00e1ndez.<\/p>\n<p>Nativel Preciado, por su parte, est\u00e1 especializada en informaci\u00f3n pol\u00edtica, fue testigo y transmisora de los importantes acontecimientos acaecidos durante la \u00e9poca de la Transici\u00f3n desde Diario ABC y la revista \u2018Intervi\u00fa\u2019. Como escritora, ha cultivado el g\u00e9nero de la biograf\u00eda y ha escrito, entre otras, las de los boxeadores Cassius Clay y Jos\u00e9 Legr\u00e1. En 2012 present\u00f3, por ejemplo, un nuevo libro sobre su experiencia con las nuevas tecnolog\u00edas. Preciado llega a Fuerteventura para hablar, a las 19:00 horas, de \u2018El pan de mis hijos\u2019, su nueva novela: un relato tierno e intrigante sobre una maravillosa herencia y una reflexi\u00f3n vital al mismo tiempo.<\/p>\n<p>El conocido actor Pepe Viyuela ser\u00e1, finalmente, el responsable de poner el punto y final a esta edici\u00f3n de la Feria del Libro con un espect\u00e1culo titulado \u2018La risa en verso\u2019. Estar\u00e1 acompa\u00f1ado por el bar\u00edtono Luis Santana. La cita ser\u00e1 a las 21:00 horas en la Carpa Josefina Pl\u00e1.<\/p>\n<p><strong>Agenda dominical<\/strong><\/p>\n<p>La compa\u00f1\u00eda Lucas Escobedo dar\u00e1 el pistoletazo de salida del programa a las 11:00 horas con el espect\u00e1culo de calle \u2018Las Ma\u00f1as\u2019. Media hora despu\u00e9s, a las 11:30 horas, dar\u00e1n comienzo las presentaciones literarias con \u2018Otras instancias\u2019, de Javier Tendero, de la mano de la poeta Fuensanta de la Cruz. A las 12:00 horas, la Carpa Josefina Pl\u00e1 recibir\u00e1 al escritor Rafael Reig que, junto a Laura de Pablo, hablar\u00e1 de \u2018Lo que s\u00e9 de Almudena\u2019.<\/p>\n<p>A las 12:30 horas la Feria acoger\u00e1 un taller de poes\u00eda titulado \u2018El retorno de las ardillas\u2019 de la mano del Taller de poes\u00eda Miguel de Unamuno, que dirige Pedro Flores.<\/p>\n<p><strong>Escritos al vuelo<\/strong><\/p>\n<p>A las 13:00 horas est\u00e1 previsto un completo acto literario dedicado a los autores majoreros que coordina la periodista y escritora Mar\u00eda Valer\u00f3n y que lleva por t\u00edtulo \u2018Escritos al vuelo. Palabras para una isla desde las alturas\u2019. Se estructurar\u00e1 en torno a tres mesas. La primera, titulada \u2018Narrativa y crimen: la novela de suspense, otra mirada a la realidad local\u2019, contar\u00e1 con Carlos David Guti\u00e9rrez, Esteban San Juan y Ra\u00fal Consuegra. Despu\u00e9s ser\u00e1 el turno de \u2018Escrito en el tiempo: la novela hist\u00f3rica como testimonio y voz de un territorio\u2019, con Marcos Hormiga, Domingo Fuentes Curbelo y Fernando Barrera. Este encuentro en torno a la literatura concluir\u00e1 con \u2018Poes\u00eda y verdad: l\u00edrica de una isla dormida, grito de una isla despierta\u2019, que contar\u00e1 con Javier Tendero, Salvadora Martel y Jos\u00e9 Garc\u00eda Guadalupe (Figu).<\/p>\n<p><strong>Circo<\/strong><\/p>\n<p>La tarde en la Feria del Libro comenzar\u00e1, a las 17:30 horas, con el mejor circo. La Sala Sinf\u00f3nica del Palacio de Formaci\u00f3n y Congresos recibe \u2018Xpectro\u2019 de la compa\u00f1\u00eda andaluza Zen del sur. La entrada es gratuita pero es necesario hacer reserva a trav\u00e9s de\u00a0culturafuerteventura.es. \u2018Xpectro\u2019 es un espect\u00e1culo multidisciplinar de circo contempor\u00e1neo sobre la neurodivergencia.<\/p>\n<p>A las 18:30 horas, Kiko Amat hablar\u00e1 sobre su libro \u2018Dick o la tristeza del sexo\u2019 junto al periodista David Ojeda.<\/p>\n<p>La Feria del Libro est\u00e1 organizada por el Centro Bibliotecario Insular, dependiente de la Consejer\u00eda de Cultura del Cabildo de Fuerteventura, y cuenta con la colaboraci\u00f3n del Instituto Canario de Desarrollo Cultural del Gobierno de Canarias.<\/p>\n<\/div>\n","protected":false},"excerpt":{"rendered":"<p>25 octubre, 2025 El actor Pepe Viyuela protagoniza el espect\u00e1culo de clausura del encuentro literario Agust\u00edn Fern\u00e1ndez Mallo, que protagonizar\u00e1 en el ciclo \u2018El escritor y t\u00fa\u2019, y la conocida [&hellip;]<\/p>\n","protected":false},"author":1,"featured_media":13013,"comment_status":"open","ping_status":"open","sticky":false,"template":"","format":"standard","meta":{"inline_featured_image":false,"jnews-multi-image_gallery":[],"jnews_single_post":[],"jnews_primary_category":[],"jnews_social_meta":[],"jnews_override_counter":[],"jnews_post_split":[],"footnotes":""},"categories":[58],"tags":[82],"class_list":["post-13011","post","type-post","status-publish","format-standard","has-post-thumbnail","hentry","category-cabildo","tag-fuerteventura"],"jetpack_featured_media_url":"https:\/\/informacionlocal.es\/wp-content\/uploads\/2025\/10\/whatsapp-image-2025-10-25-at-23-13-24.jpeg","_links":{"self":[{"href":"https:\/\/informacionlocal.es\/it\/wp-json\/wp\/v2\/posts\/13011","targetHints":{"allow":["GET"]}}],"collection":[{"href":"https:\/\/informacionlocal.es\/it\/wp-json\/wp\/v2\/posts"}],"about":[{"href":"https:\/\/informacionlocal.es\/it\/wp-json\/wp\/v2\/types\/post"}],"author":[{"embeddable":true,"href":"https:\/\/informacionlocal.es\/it\/wp-json\/wp\/v2\/users\/1"}],"replies":[{"embeddable":true,"href":"https:\/\/informacionlocal.es\/it\/wp-json\/wp\/v2\/comments?post=13011"}],"version-history":[{"count":0,"href":"https:\/\/informacionlocal.es\/it\/wp-json\/wp\/v2\/posts\/13011\/revisions"}],"wp:featuredmedia":[{"embeddable":true,"href":"https:\/\/informacionlocal.es\/it\/wp-json\/wp\/v2\/media\/13013"}],"wp:attachment":[{"href":"https:\/\/informacionlocal.es\/it\/wp-json\/wp\/v2\/media?parent=13011"}],"wp:term":[{"taxonomy":"category","embeddable":true,"href":"https:\/\/informacionlocal.es\/it\/wp-json\/wp\/v2\/categories?post=13011"},{"taxonomy":"post_tag","embeddable":true,"href":"https:\/\/informacionlocal.es\/it\/wp-json\/wp\/v2\/tags?post=13011"}],"curies":[{"name":"wp","href":"https:\/\/api.w.org\/{rel}","templated":true}]}}