{"id":12901,"date":"2025-10-24T14:58:21","date_gmt":"2025-10-24T13:58:21","guid":{"rendered":"https:\/\/informacionlocal.es\/noche-en-blanco-en-antigua-este-sabado-puro-espectaculo-cultural-musical-y-creativo\/"},"modified":"2025-10-24T14:58:21","modified_gmt":"2025-10-24T13:58:21","slug":"noche-en-blanco-en-antigua-este-sabado-puro-espectaculo-cultural-musical-y-creativo","status":"publish","type":"post","link":"https:\/\/informacionlocal.es\/it\/noche-en-blanco-en-antigua-este-sabado-puro-espectaculo-cultural-musical-y-creativo\/","title":{"rendered":"Noche en Blanco en Antigua este s\u00e1bado puro espect\u00e1culo cultural, musical y creativo"},"content":{"rendered":"<div class=\"elementor-widget-container\">\n<p><strong>Noche en Blanco en Antigua este s\u00e1bado puro espect\u00e1culo cultural, musical y creativo<\/strong><\/p>\n<p><strong>\u2022 La Plaza de Antigua desde las 18:00 horas ofrece espect\u00e1culos infantiles, mercadillo de variedades de comercios y colectivos, cuenta cuentos, talles, juegos, espect\u00e1culos musicales con EncontrArte y los conciertos de los grupos Calle de al lado y Tabaiba.<\/strong><br \/><strong>\u2022 Una plaza revestida de luces, de carpas, escenarios y zonas diferenciadas para disfrutar todas las edades y grupos familiares. <\/strong><br \/><strong>\u2022 La Noche en Blanco de Antigua dispondr\u00e1 adem\u00e1s de un Escenario Familiar protagonizado por entretenidos cuenta cuentos, divertidas masterclass de danza con Jes\u00fas Lobos, la actuaci\u00f3n teatralizada por Javier Bolea de Don Quijote de La Antigua y el espect\u00e1culo Infantil La Cacharra Verde.<\/strong><\/p>\n<p>El Ayuntamiento de Antigua desde la concejal\u00eda de Cultura ofrece una intensa, divertida y musical programaci\u00f3n en la Noche en Blanco que organiza este s\u00e1bado 25 de octubre desde las 18:00 horas en la plaza de Antigua, se\u00f1ala el alcalde, Mat\u00edas Pe\u00f1a Garc\u00eda, una programaci\u00f3n que se complementa adem\u00e1s con la celebraci\u00f3n de la VII Milla Urbana que cada a\u00f1o acoge a m\u00e1s de un centenar de corredores de todas las categor\u00edas.<\/p>\n<p>La Noche en Blanco, se\u00f1ala el concejal de Cultura, Jonathan Pe\u00f1a, ofrece los conciertos destacados de los grupos Calle de al lado, que llegan de Tenerife, y desde Gran Canaria, Tabaiba en concierto, precedidos por el espect\u00e1culo musical EncontrArte.<\/p>\n<p>El concejal de Cultura agradece la participaci\u00f3n de bar T\u00edo Popi que un a\u00f1o m\u00e1s impulsa la Garbanzada Rock con los grupos Jam Session, Funking Punkis, Jinetes del Mal, The Fuleke Band, Los Popis, Rock and Roll Brother\u2019s y Pepe D\u00e9niz.<\/p>\n<\/div>\n","protected":false},"excerpt":{"rendered":"<p><strong>Noche en Blanco en Antigua este s\u00e1bado puro espect\u00e1culo cultural, musical y creativo<\/strong><\/p>\n","protected":false},"author":1,"featured_media":12903,"comment_status":"open","ping_status":"open","sticky":false,"template":"","format":"standard","meta":{"inline_featured_image":false,"jnews-multi-image_gallery":[],"jnews_single_post":[],"jnews_primary_category":[],"jnews_social_meta":[],"jnews_override_counter":[],"jnews_post_split":[],"footnotes":""},"categories":[59],"tags":[],"class_list":["post-12901","post","type-post","status-publish","format-standard","has-post-thumbnail","hentry","category-antigua"],"jetpack_featured_media_url":"https:\/\/informacionlocal.es\/wp-content\/uploads\/2025\/10\/imagen-de-whatsapp-2025-10-21-a-las-15-11-26_ad46ccfb.jpg","_links":{"self":[{"href":"https:\/\/informacionlocal.es\/it\/wp-json\/wp\/v2\/posts\/12901","targetHints":{"allow":["GET"]}}],"collection":[{"href":"https:\/\/informacionlocal.es\/it\/wp-json\/wp\/v2\/posts"}],"about":[{"href":"https:\/\/informacionlocal.es\/it\/wp-json\/wp\/v2\/types\/post"}],"author":[{"embeddable":true,"href":"https:\/\/informacionlocal.es\/it\/wp-json\/wp\/v2\/users\/1"}],"replies":[{"embeddable":true,"href":"https:\/\/informacionlocal.es\/it\/wp-json\/wp\/v2\/comments?post=12901"}],"version-history":[{"count":0,"href":"https:\/\/informacionlocal.es\/it\/wp-json\/wp\/v2\/posts\/12901\/revisions"}],"wp:featuredmedia":[{"embeddable":true,"href":"https:\/\/informacionlocal.es\/it\/wp-json\/wp\/v2\/media\/12903"}],"wp:attachment":[{"href":"https:\/\/informacionlocal.es\/it\/wp-json\/wp\/v2\/media?parent=12901"}],"wp:term":[{"taxonomy":"category","embeddable":true,"href":"https:\/\/informacionlocal.es\/it\/wp-json\/wp\/v2\/categories?post=12901"},{"taxonomy":"post_tag","embeddable":true,"href":"https:\/\/informacionlocal.es\/it\/wp-json\/wp\/v2\/tags?post=12901"}],"curies":[{"name":"wp","href":"https:\/\/api.w.org\/{rel}","templated":true}]}}