{"id":12881,"date":"2025-10-24T12:58:43","date_gmt":"2025-10-24T11:58:43","guid":{"rendered":"https:\/\/informacionlocal.es\/puerto-del-rosario-celebra-su-noche-de-finados-con-el-concurso-cortos-de-terror-como-protagonista\/"},"modified":"2025-10-24T12:58:43","modified_gmt":"2025-10-24T11:58:43","slug":"puerto-del-rosario-celebra-su-noche-de-finados-con-el-concurso-cortos-de-terror-como-protagonista","status":"publish","type":"post","link":"https:\/\/informacionlocal.es\/it\/puerto-del-rosario-celebra-su-noche-de-finados-con-el-concurso-cortos-de-terror-como-protagonista\/","title":{"rendered":"Puerto del Rosario celebra su Noche de Finados con el concurso \u201cCortos de Terror\u201d como protagonista"},"content":{"rendered":"<div class=\"entry-content\">\n<ul>\n<li><span><strong>El certamen audiovisual repartir\u00e1 600 euros en premios y se enmarca dentro de la programaci\u00f3n cultural del 31 de octubre en la Plaza Rafael P\u00e1ez<\/strong><\/span><\/li>\n<\/ul>\n<p><span><strong>\u00a0<\/strong><strong>En Puerto del Rosario, a 24 de octubre de 2025.-<\/strong> El Ayuntamiento de Puerto del Rosario celebrar\u00e1 este 31 de octubre la tradicional Noche de Finados, una fecha que combina las costumbres m\u00e1s arraigadas del archipi\u00e9lago con nuevas formas de expresi\u00f3n cultural vinculadas a la celebraci\u00f3n de Halloween. Este a\u00f1o, la programaci\u00f3n tendr\u00e1 como eje central el Concurso de Cortos de Terror, junto a dos actos inspirados en la tradici\u00f3n popular de los \u2018finaos\u2019, la representaci\u00f3n teatral dirigida por Javier Bolea y una interpretaci\u00f3n de La Pion\u00e1.<\/span><\/p>\n<p><span>Con esta iniciativa, la Concejal\u00eda de Cultura busca tender un puente entre la memoria colectiva y la creatividad contempor\u00e1nea, fomentando tanto la difusi\u00f3n de la cultura tradicional como la participaci\u00f3n de j\u00f3venes y adultos en propuestas audiovisuales que mezclan talento local y la magia del cine.<\/span><\/p>\n<p><img loading=\"lazy\" decoding=\"async\" loading=\"lazy\" class=\"size-large wp-image-157399 aligncenter\" src=\"https:\/\/informacionlocal.es\/wp-content\/uploads\/2025\/10\/cortos-de-terros-576x1024-1.jpeg\" width=\"576\" height=\"1024\" title=\"cortos-de-terros-576x1024-1\"><\/p>\n<p><span>El certamen, que repartir\u00e1 600 euros en premios, est\u00e1 abierto a la participaci\u00f3n de todas aquellas personas que deseen presentar su propuesta audiovisual de tem\u00e1tica terror\u00edfica.<\/span><\/p>\n<p><span>Las inscripciones pueden realizarse escaneando el c\u00f3digo QR disponible en los carteles del evento o a trav\u00e9s de los canales municipales.<\/span><\/p>\n<p><span>El alcalde de Puerto del Rosario, David de Vera, manifest\u00f3 que \u201ceste concurso es una forma original de celebrar la Noche de Finados, apostando por la creaci\u00f3n cultural y la imaginaci\u00f3n. Queremos que Puerto del Rosario sea un punto de encuentro para quienes disfrutan contando historias, ya sea con una c\u00e1mara o desde el p\u00fablico\u201d.<\/span><\/p>\n<p><img loading=\"lazy\" decoding=\"async\" loading=\"lazy\" class=\"size-large wp-image-157400 aligncenter\" src=\"https:\/\/informacionlocal.es\/wp-content\/uploads\/2025\/10\/noche-finados-576x1024-1.jpeg\" width=\"576\" height=\"1024\" title=\"noche-finados-576x1024-1\"><\/p>\n<p><span>Por su parte, el concejal de Cultura, Juan Manuel Verdugo, destac\u00f3 que \u201clos cortos de terror nos permiten unir el arte y las tradiciones en una sola noche. Es una oportunidad para que nuestros creadores se expresen y para que el p\u00fablico viva el cine de una manera diferente\u201d.<\/span><\/p>\n<p><span>Adem\u00e1s del certamen audiovisual, la Noche de Finados contar\u00e1 con una programaci\u00f3n paralela en la Plaza Rafael P\u00e1ez a partir de las 17:00 horas, con talleres, espect\u00e1culos familiares, plataforma 360\u00ba y concursos terror\u00edficamente divertidos de disfraces, postres y relatos de miedo, que completar\u00e1n una jornada repleta de sorpresas para todos los p\u00fablicos.<\/span><\/p>\n<\/div>\n","protected":false},"excerpt":{"rendered":"<p>El certamen audiovisual repartir\u00e1 600 euros en premios y se enmarca dentro de la programaci\u00f3n cultural del 31 de octubre en la Plaza Rafael P\u00e1ez \u00a0En Puerto del Rosario, a [&hellip;]<\/p>\n","protected":false},"author":1,"featured_media":12883,"comment_status":"open","ping_status":"open","sticky":false,"template":"","format":"standard","meta":{"inline_featured_image":false,"jnews-multi-image_gallery":[],"jnews_single_post":[],"jnews_primary_category":[],"jnews_social_meta":[],"jnews_override_counter":[],"jnews_post_split":[],"footnotes":""},"categories":[61],"tags":[],"class_list":["post-12881","post","type-post","status-publish","format-standard","has-post-thumbnail","hentry","category-puerto-del-rosario"],"jetpack_featured_media_url":"https:\/\/informacionlocal.es\/wp-content\/uploads\/2025\/10\/finados.png","_links":{"self":[{"href":"https:\/\/informacionlocal.es\/it\/wp-json\/wp\/v2\/posts\/12881","targetHints":{"allow":["GET"]}}],"collection":[{"href":"https:\/\/informacionlocal.es\/it\/wp-json\/wp\/v2\/posts"}],"about":[{"href":"https:\/\/informacionlocal.es\/it\/wp-json\/wp\/v2\/types\/post"}],"author":[{"embeddable":true,"href":"https:\/\/informacionlocal.es\/it\/wp-json\/wp\/v2\/users\/1"}],"replies":[{"embeddable":true,"href":"https:\/\/informacionlocal.es\/it\/wp-json\/wp\/v2\/comments?post=12881"}],"version-history":[{"count":0,"href":"https:\/\/informacionlocal.es\/it\/wp-json\/wp\/v2\/posts\/12881\/revisions"}],"wp:featuredmedia":[{"embeddable":true,"href":"https:\/\/informacionlocal.es\/it\/wp-json\/wp\/v2\/media\/12883"}],"wp:attachment":[{"href":"https:\/\/informacionlocal.es\/it\/wp-json\/wp\/v2\/media?parent=12881"}],"wp:term":[{"taxonomy":"category","embeddable":true,"href":"https:\/\/informacionlocal.es\/it\/wp-json\/wp\/v2\/categories?post=12881"},{"taxonomy":"post_tag","embeddable":true,"href":"https:\/\/informacionlocal.es\/it\/wp-json\/wp\/v2\/tags?post=12881"}],"curies":[{"name":"wp","href":"https:\/\/api.w.org\/{rel}","templated":true}]}}