{"id":12859,"date":"2025-10-23T22:59:21","date_gmt":"2025-10-23T21:59:21","guid":{"rendered":"https:\/\/informacionlocal.es\/puerto-del-rosario-celebra-19-anos-del-programa-de-senderismo-allanando-el-camino\/"},"modified":"2025-10-23T22:59:21","modified_gmt":"2025-10-23T21:59:21","slug":"puerto-del-rosario-celebra-19-anos-del-programa-de-senderismo-allanando-el-camino","status":"publish","type":"post","link":"https:\/\/informacionlocal.es\/it\/puerto-del-rosario-celebra-19-anos-del-programa-de-senderismo-allanando-el-camino\/","title":{"rendered":"Puerto del Rosario celebra 19 a\u00f1os del programa de senderismo \u201cAllanando el Camino\u201d"},"content":{"rendered":"<div class=\"entry-content\">\n<ul>\n<li><span><strong>El proyecto ofrecer\u00e1 rutas y visitas culturales durante los pr\u00f3ximos meses para fomentar la convivencia, el ejercicio y el contacto con la naturaleza.<\/strong><\/span><strong>\u00a0<\/strong><\/li>\n<\/ul>\n<p><span><strong>En Puerto del Rosario, a 23 de octubre de 2025.-<\/strong> El Ayuntamiento de Puerto del Rosario pone en marcha una nueva edici\u00f3n del programa de senderismo para mayores \u201cAllanando el Camino\u201d, una iniciativa que cumple 19 a\u00f1os caminando junto a las personas mayores del municipio, promoviendo la vida activa, el bienestar y la alegr\u00eda compartida.<\/span><\/p>\n<p><span>El acto de presentaci\u00f3n se celebr\u00f3 en el Centro de Mayores de Puerto del Rosario, con la presencia del alcalde, David de Vera; la vicepresidenta del Cabildo de Fuerteventura, Nuria Cabrera; la concejala de Participaci\u00f3n Ciudadana, Jenifer P\u00e9rez; y la representante de Cruz Roja, Belinda de Le\u00f3n, quienes destacaron el valor de este programa como un ejemplo de colaboraci\u00f3n y compromiso con el envejecimiento activo.<\/span><\/p>\n<p><span>El alcalde, David de Vera, subray\u00f3 la importancia de seguir impulsando acciones que favorezcan la salud f\u00edsica y emocional de la poblaci\u00f3n mayor. \u201cEste programa busca no solo promover la actividad f\u00edsica, sino tambi\u00e9n fortalecer los lazos sociales y emocionales de nuestros mayores, ofreci\u00e9ndoles espacios de encuentro, bienestar y disfrute del entorno natural\u201d.<\/span><\/p>\n<p><img loading=\"lazy\" decoding=\"async\" loading=\"lazy\" class=\"size-large wp-image-157382 aligncenter\" src=\"https:\/\/informacionlocal.es\/wp-content\/uploads\/2025\/10\/senderismo-2-1024x768-1.jpeg\" width=\"1024\" height=\"768\" title=\"senderismo-2-1024x768-1\"><\/p>\n<p><span>La vicepresidenta del Cabildo de Fuerteventura, Nuria Cabrera, destac\u00f3 la importancia de la coordinaci\u00f3n entre instituciones para hacer posible iniciativas como esta y a\u00f1adi\u00f3 que \u201ccada una de estas rutas es tambi\u00e9n una oportunidad para seguir fortaleciendo las relaciones, compartir experiencias y disfrutar de la riqueza natural y cultural de nuestra isla\u201d.<\/span><\/p>\n<p><span>Por su parte, la concejala de Participaci\u00f3n Ciudadana, Jenifer P\u00e9rez, puso el acento en el componente humano del programa. \u201cVer a nuestros mayores disfrutar, compartir risas y seguir descubriendo su entorno nos recuerda que la participaci\u00f3n no tiene edad y que siempre hay caminos nuevos por recorrer juntos\u201d.<\/span><\/p>\n<p><span>\u201cAllanando el Camino\u201d est\u00e1 dirigido a vecinos y vecinas mayores de 60 a\u00f1os y se desarrollar\u00e1 a lo largo de los pr\u00f3ximos meses con rutas adaptadas y visitas culturales pensadas para todos los niveles. Las actividades estar\u00e1n guiadas por profesionales y dise\u00f1adas para garantizar la seguridad y el disfrute de cada participante.<\/span><\/p>\n<p><span>Rutas de Senderismo 2025\/2026<\/span><\/p>\n<ul>\n<li><span>Tindaya \u2013 Tef\u00eda \u2022 26 de noviembre de 2025<\/span><\/li>\n<li><span>Las Pe\u00f1itas \u2013 Buen Paso \u2022 21 de enero de 2026<\/span><\/li>\n<li><span>Morro Francisco \u2013 Calder\u00f3n Hondo \u2022 4 de marzo de 2026<\/span><\/li>\n<li><span>Saladar de Jand\u00eda \u2022 22 de abril de 2026<\/span><\/li>\n<li><span>Caleta de Fuste \u2013 Las Salinas del Carmen \u2022 6 de mayo de 2026<\/span><\/li>\n<\/ul>\n<p>\u00a0<\/p>\n<p><span>Visitas Culturales<\/span><\/p>\n<ul>\n<li><span>Parque Tecnol\u00f3gico \u2022 10 de noviembre de 2025<\/span><\/li>\n<li><span>Centro de Recuperaci\u00f3n de Tortugas Marinas \u2022 16 de diciembre de 2025<\/span><\/li>\n<li><span>Ruta Etnogr\u00e1fica en P\u00e1jara \u2022 4 de febrero de 2026<\/span><\/li>\n<\/ul>\n<p>\u00a0<\/p>\n<p><span>El Ayuntamiento de Puerto del Rosario invita a todas las personas mayores del municipio a sumarse a esta experiencia que combina ejercicio, naturaleza y convivencia en un entorno seguro y enriquecedor.<\/span><\/p>\n<p>\u00a0<\/p>\n<\/div>\n","protected":false},"excerpt":{"rendered":"<p>El proyecto ofrecer\u00e1 rutas y visitas culturales durante los pr\u00f3ximos meses para fomentar la convivencia, el ejercicio y el contacto con la naturaleza.\u00a0 En Puerto del Rosario, a 23 de [&hellip;]<\/p>\n","protected":false},"author":1,"featured_media":12861,"comment_status":"open","ping_status":"open","sticky":false,"template":"","format":"standard","meta":{"inline_featured_image":false,"jnews-multi-image_gallery":[],"jnews_single_post":[],"jnews_primary_category":[],"jnews_social_meta":[],"jnews_override_counter":[],"jnews_post_split":[],"footnotes":""},"categories":[61],"tags":[82],"class_list":["post-12859","post","type-post","status-publish","format-standard","has-post-thumbnail","hentry","category-puerto-del-rosario","tag-fuerteventura"],"jetpack_featured_media_url":"https:\/\/informacionlocal.es\/wp-content\/uploads\/2025\/10\/allanando-el-camino.png","_links":{"self":[{"href":"https:\/\/informacionlocal.es\/it\/wp-json\/wp\/v2\/posts\/12859","targetHints":{"allow":["GET"]}}],"collection":[{"href":"https:\/\/informacionlocal.es\/it\/wp-json\/wp\/v2\/posts"}],"about":[{"href":"https:\/\/informacionlocal.es\/it\/wp-json\/wp\/v2\/types\/post"}],"author":[{"embeddable":true,"href":"https:\/\/informacionlocal.es\/it\/wp-json\/wp\/v2\/users\/1"}],"replies":[{"embeddable":true,"href":"https:\/\/informacionlocal.es\/it\/wp-json\/wp\/v2\/comments?post=12859"}],"version-history":[{"count":0,"href":"https:\/\/informacionlocal.es\/it\/wp-json\/wp\/v2\/posts\/12859\/revisions"}],"wp:featuredmedia":[{"embeddable":true,"href":"https:\/\/informacionlocal.es\/it\/wp-json\/wp\/v2\/media\/12861"}],"wp:attachment":[{"href":"https:\/\/informacionlocal.es\/it\/wp-json\/wp\/v2\/media?parent=12859"}],"wp:term":[{"taxonomy":"category","embeddable":true,"href":"https:\/\/informacionlocal.es\/it\/wp-json\/wp\/v2\/categories?post=12859"},{"taxonomy":"post_tag","embeddable":true,"href":"https:\/\/informacionlocal.es\/it\/wp-json\/wp\/v2\/tags?post=12859"}],"curies":[{"name":"wp","href":"https:\/\/api.w.org\/{rel}","templated":true}]}}