{"id":12847,"date":"2025-10-23T20:58:21","date_gmt":"2025-10-23T19:58:21","guid":{"rendered":"https:\/\/informacionlocal.es\/nieves-concostrina-y-benjamin-g-rosado-premio-biblioteca-breve-2025-este-viernes-en-la-feria-del-libro-de-fuerteventura\/"},"modified":"2025-10-23T20:58:21","modified_gmt":"2025-10-23T19:58:21","slug":"nieves-concostrina-y-benjamin-g-rosado-premio-biblioteca-breve-2025-este-viernes-en-la-feria-del-libro-de-fuerteventura","status":"publish","type":"post","link":"https:\/\/informacionlocal.es\/it\/nieves-concostrina-y-benjamin-g-rosado-premio-biblioteca-breve-2025-este-viernes-en-la-feria-del-libro-de-fuerteventura\/","title":{"rendered":"Nieves Concostrina y Benjam\u00edn G. Rosado, Premio Biblioteca Breve 2025, este viernes en la Feria del Libro de Fuerteventura"},"content":{"rendered":"<div class=\"entry-content\"><strong>23 octubre, 2025<\/strong><\/p>\n<p><strong><em>Muerdo cerrar\u00e1 la jornada con un concierto<\/em><\/strong><\/p>\n<p>La periodista y escritora Nieves Concostrina y Benjam\u00edn G. Rosado,<br \/>\nPremio Biblioteca Breve 2025, ser\u00e1n dos de los protagonistas de este viernes 24<br \/>\nde octubre en la 35 edici\u00f3n de la Feria del Libro de Fuerteventura, que se<br \/>\ncelebra hasta el domingo 26 de octubre en la Plaza del Palacio de Formaci\u00f3n y<br \/>\nCongresos.<\/p>\n<p>Concostrina llega a la Isla para presentar \u2018Acontece que no es<br \/>\npoco\u2019 (Esfera) y estar\u00e1 en la Carpa Josefina Pl\u00e1 a las 20:15 horas acompa\u00f1ada<br \/>\ndel tambi\u00e9n periodista Nicol\u00e1s Castellano. Mientras, Benjam\u00edn G. Rosado har\u00e1 lo<br \/>\npropio a las 19:00 horas de la mano del escritor Pedro Flores para hablar de<br \/>\n\u2018El vuelo de el hombre\u2019.<\/p>\n<p>La agenda de este viernes arrancar\u00e1 en horario de ma\u00f1ana con la<br \/>\nprogramaci\u00f3n destinada a los m\u00e1s peque\u00f1os de la casa. A las 10:00 horas, la<br \/>\nCarpa Josefina Pl\u00e1 ser\u00e1 el escenario del espect\u00e1culo de narraci\u00f3n oral para<br \/>\nescolares \u2018La hora del cuento\u2019, de la mano de Cristina Quesada. Una hora<br \/>\ndespu\u00e9s, en el mismo espacio, Juan Carlos Toste protagonizar\u00e1 \u2018Cocinando<br \/>\ncuentos\u2019, un espect\u00e1culo destinado tambi\u00e9n al p\u00fablico infantil.<\/p>\n<p>A las 11:00 horas, la Sala Sinf\u00f3nica del Palacio de Formaci\u00f3n y<br \/>\nCongresos abrir\u00e1 sus puertas para que la compa\u00f1\u00eda catalana Festuc Teatre<br \/>\nrepresenten \u2018BUNJI, la peque\u00f1a Koala\u2019. Esta pieza podr\u00e1 volverse a ver por la<br \/>\ntarde, a las 18:00 horas, en una segunda funci\u00f3n para la que es necesario<br \/>\nreservar invitaci\u00f3n a trav\u00e9s de <em>culturafuerteventura.es<\/em>. Mientras, a las<br \/>\n12:00 horas, y de nuevo en la Carpa Josefina Pl\u00e1, GemaGe har\u00e1 las delicias de<br \/>\nla audiencia infantil con \u2018Kamufara y otros cuentos\u2019.<\/p>\n<p>Las presentaciones literarias arrancar\u00e1n a partir de las 18:00<br \/>\nhoras con Aroa Su\u00e1rez S\u00e1nchez y \u2018El mundo de Le\u00f3n\u2019 (Apuleyo ediciones). Le<br \/>\nacompa\u00f1ar\u00e1 la gestora de ventas Tatiana Gonz\u00e1lez. A continuaci\u00f3n, a las 18:30<br \/>\nhoras, Mar\u00eda Nieves P\u00e9rez Cejas hablar\u00e1 junto al escritor Domingo Fuentes de<br \/>\n\u2018Todas las nubes\u2019 (Nectarina).<\/p>\n<p><strong>Premio Alexis Ravelo<\/strong><\/p>\n<p>La danza volver\u00e1 a tener un espacio especial en el programa de<br \/>\nesta edici\u00f3n de la Feria del Libro de Fuerteventura. A las 19:30 horas en la<br \/>\nPlaza del Palacio de Formaci\u00f3n y Congresos, la compa\u00f1\u00eda valenciana Marroch<br \/>\npondr\u00e1 en escena \u2018Rosa de Papel\u2019. Un poco despu\u00e9s, a las 20:00 horas,los<br \/>\nasistentes ser\u00e1n testigos de uno de los momentos m\u00e1s emotivos del encuentro<br \/>\nliterario con la entrega, en la Carpa Josefina Pl\u00e1, del Premio Alexis Ravelo.<br \/>\nEste a\u00f1o ha reca\u00eddo en la Asociaci\u00f3n Cultural Ra\u00edz del Pueblo.<\/p>\n<p>Otros valencianos, la Compa\u00f1\u00eda Visitants, pondr\u00e1n en escena a las<br \/>\n21:00 horas y tambi\u00e9n en la Plaza del Palacio de Formaci\u00f3n y Congresos la pieza<br \/>\n\u2018Masclet\u00e1 po\u00e9tica\u2019.<\/p>\n<p>La programaci\u00f3n de este viernes concluir\u00e1 a las 22:00 horas en la<br \/>\nCarpa Josefina Pl\u00e1 con un concierto del cantante, compositor y poeta murciano<br \/>\nPascual Cantero, conocido art\u00edsticamente como Muerdo.<\/p>\n<p>La Feria del Libro est\u00e1 organizada por el Centro Bibliotecario<br \/>\nInsular, dependiente de la Consejer\u00eda de Cultura del Cabildo de Fuerteventura,<br \/>\ny cuenta con la colaboraci\u00f3n del Instituto Canario de Desarrollo Cultural del<br \/>\nGobierno de Canarias.<\/p>\n<\/div>\n","protected":false},"excerpt":{"rendered":"<p>23 octubre, 2025 Muerdo cerrar\u00e1 la jornada con un concierto La periodista y escritora Nieves Concostrina y Benjam\u00edn G. Rosado, Premio Biblioteca Breve 2025, ser\u00e1n dos de los protagonistas de [&hellip;]<\/p>\n","protected":false},"author":1,"featured_media":12849,"comment_status":"open","ping_status":"open","sticky":false,"template":"","format":"standard","meta":{"inline_featured_image":false,"jnews-multi-image_gallery":[],"jnews_single_post":[],"jnews_primary_category":[],"jnews_social_meta":[],"jnews_override_counter":[],"jnews_post_split":[],"footnotes":""},"categories":[58],"tags":[82],"class_list":["post-12847","post","type-post","status-publish","format-standard","has-post-thumbnail","hentry","category-cabildo","tag-fuerteventura"],"jetpack_featured_media_url":"https:\/\/informacionlocal.es\/wp-content\/uploads\/2025\/10\/feria-libro-4.jpeg","_links":{"self":[{"href":"https:\/\/informacionlocal.es\/it\/wp-json\/wp\/v2\/posts\/12847","targetHints":{"allow":["GET"]}}],"collection":[{"href":"https:\/\/informacionlocal.es\/it\/wp-json\/wp\/v2\/posts"}],"about":[{"href":"https:\/\/informacionlocal.es\/it\/wp-json\/wp\/v2\/types\/post"}],"author":[{"embeddable":true,"href":"https:\/\/informacionlocal.es\/it\/wp-json\/wp\/v2\/users\/1"}],"replies":[{"embeddable":true,"href":"https:\/\/informacionlocal.es\/it\/wp-json\/wp\/v2\/comments?post=12847"}],"version-history":[{"count":0,"href":"https:\/\/informacionlocal.es\/it\/wp-json\/wp\/v2\/posts\/12847\/revisions"}],"wp:featuredmedia":[{"embeddable":true,"href":"https:\/\/informacionlocal.es\/it\/wp-json\/wp\/v2\/media\/12849"}],"wp:attachment":[{"href":"https:\/\/informacionlocal.es\/it\/wp-json\/wp\/v2\/media?parent=12847"}],"wp:term":[{"taxonomy":"category","embeddable":true,"href":"https:\/\/informacionlocal.es\/it\/wp-json\/wp\/v2\/categories?post=12847"},{"taxonomy":"post_tag","embeddable":true,"href":"https:\/\/informacionlocal.es\/it\/wp-json\/wp\/v2\/tags?post=12847"}],"curies":[{"name":"wp","href":"https:\/\/api.w.org\/{rel}","templated":true}]}}