{"id":1283,"date":"2025-04-10T17:00:30","date_gmt":"2025-04-10T17:00:30","guid":{"rendered":"https:\/\/informacionlocal.es\/il-club-di-lotta-saladar-de-jandia-porta-il-wrestling-canario-a-madrid\/"},"modified":"2025-04-14T10:18:13","modified_gmt":"2025-04-14T10:18:13","slug":"il-club-di-lotta-saladar-de-jandia-porta-il-wrestling-canario-a-madrid","status":"publish","type":"post","link":"https:\/\/informacionlocal.es\/it\/il-club-di-lotta-saladar-de-jandia-porta-il-wrestling-canario-a-madrid\/","title":{"rendered":"Il Club di lotta Saladar de Jand\u00eda porta il wrestling canario a Madrid"},"content":{"rendered":"<div class=\"entry-content\">\n<p><b> <\/b>Il Municipio di P\u00e1jara, attraverso il Dipartimento dello Sport, informa che il Club di lotta Saladar de Jand\u00eda \u00e8 stato selezionato per partecipare al primo incontro di lotta fuori dalle Isole Canarie, che si terr\u00e0 a Madrid. Questo incontro corrisponde al 20\u00b0 turno del Torneo Liga Disa Gobierno de Canarias. <\/p>\n<p>Il sindaco di P\u00e1jara, Alejandro Jorge, e l&#8217;assessore allo Sport, Jos\u00e9 Benito Alonso, accompagneranno il club in questo evento. Questa competizione, che sar\u00e0 storica per lo sport canario, si terr\u00e0 nella Plaza de Callao. Il club Majorero affronter\u00e0 il Club de Lucha Candelaria. La gara si svolger\u00e0 il 17 maggio.   <\/p>\n<p>Il Municipio di P\u00e1jara sottolinea l&#8217;opportunit\u00e0 che rappresenta per lo sport del comune, in quanto sar\u00e0 una pietra miliare per il nostro sport locale.<\/p>\n<\/div>\n","protected":false},"excerpt":{"rendered":"<p>Il Municipio di P\u00e1jara, attraverso il Dipartimento dello Sport, informa che il Club di lotta Saladar de Jand\u00eda \u00e8 stato selezionato per partecipare al primo incontro di lotta fuori dalle [&hellip;]<\/p>\n","protected":false},"author":1,"featured_media":622,"comment_status":"open","ping_status":"open","sticky":false,"template":"","format":"standard","meta":{"inline_featured_image":false,"jnews-multi-image_gallery":[],"jnews_single_post":[],"jnews_primary_category":[],"jnews_social_meta":[],"jnews_override_counter":[],"jnews_post_split":[],"footnotes":""},"categories":[298],"tags":[202,224,238,223],"class_list":["post-1283","post","type-post","status-publish","format-standard","has-post-thumbnail","hentry","category-pajara-it","tag-comuni","tag-cultura-e-tempo-libero","tag-eventi","tag-fuerteventura-it"],"jetpack_featured_media_url":"https:\/\/informacionlocal.es\/wp-content\/uploads\/2025\/04\/clsaladar.png","_links":{"self":[{"href":"https:\/\/informacionlocal.es\/it\/wp-json\/wp\/v2\/posts\/1283","targetHints":{"allow":["GET"]}}],"collection":[{"href":"https:\/\/informacionlocal.es\/it\/wp-json\/wp\/v2\/posts"}],"about":[{"href":"https:\/\/informacionlocal.es\/it\/wp-json\/wp\/v2\/types\/post"}],"author":[{"embeddable":true,"href":"https:\/\/informacionlocal.es\/it\/wp-json\/wp\/v2\/users\/1"}],"replies":[{"embeddable":true,"href":"https:\/\/informacionlocal.es\/it\/wp-json\/wp\/v2\/comments?post=1283"}],"version-history":[{"count":1,"href":"https:\/\/informacionlocal.es\/it\/wp-json\/wp\/v2\/posts\/1283\/revisions"}],"predecessor-version":[{"id":1826,"href":"https:\/\/informacionlocal.es\/it\/wp-json\/wp\/v2\/posts\/1283\/revisions\/1826"}],"wp:featuredmedia":[{"embeddable":true,"href":"https:\/\/informacionlocal.es\/it\/wp-json\/wp\/v2\/media\/622"}],"wp:attachment":[{"href":"https:\/\/informacionlocal.es\/it\/wp-json\/wp\/v2\/media?parent=1283"}],"wp:term":[{"taxonomy":"category","embeddable":true,"href":"https:\/\/informacionlocal.es\/it\/wp-json\/wp\/v2\/categories?post=1283"},{"taxonomy":"post_tag","embeddable":true,"href":"https:\/\/informacionlocal.es\/it\/wp-json\/wp\/v2\/tags?post=1283"}],"curies":[{"name":"wp","href":"https:\/\/api.w.org\/{rel}","templated":true}]}}