{"id":1282,"date":"2025-04-11T01:41:13","date_gmt":"2025-04-11T01:41:13","guid":{"rendered":"https:\/\/informacionlocal.es\/tuineje-rende-omaggio-alla-sua-tradizione-di-coltivazione-del-pomodoro-alla-feaga-2025\/"},"modified":"2025-04-14T10:15:26","modified_gmt":"2025-04-14T10:15:26","slug":"tuineje-rende-omaggio-alla-sua-tradizione-di-coltivazione-del-pomodoro-alla-feaga-2025","status":"publish","type":"post","link":"https:\/\/informacionlocal.es\/it\/tuineje-rende-omaggio-alla-sua-tradizione-di-coltivazione-del-pomodoro-alla-feaga-2025\/","title":{"rendered":"Tuineje rende omaggio alla sua tradizione di coltivazione del pomodoro alla FEAGA 2025"},"content":{"rendered":"<div class=\"article-content-inner\">\n<h2 class=\"wp-block-heading\">Lo stand del Comune mette in risalto l&#8217;eredit\u00e0 della coltivazione del pomodoro, con attivit\u00e0 didattiche e ludiche per i visitatori.<\/h2>\n<p>Il Comune di Tuineje ha aperto il suo stand questo venerd\u00ec alla Fiera dell&#8217;Agricoltura, dell&#8217;Allevamento e della Pesca di Fuerteventura (FEAGA), che si tiene per tutto il fine settimana presso il quartiere fieristico di Pozo Negro. Quest&#8217;anno, lo spazio espositivo del Comune ha voluto rendere omaggio al pomodoro e alla ricca tradizione del pomodoro che ha segnato la storia e lo sviluppo agricolo della cittadina. <\/p>\n<p>Durante la mattinata, numerose scolaresche hanno visitato lo stand e hanno potuto scoprire la coltivazione del pomodoro in modo diverso, grazie ad attivit\u00e0 interattive e all&#8217;animazione di un clown. Questa proposta \u00e8 stata un cenno al Festival Internazionale del Clown di Tran Tran, un evento che \u00e8 diventato un punto di riferimento culturale per il comune e che rafforza l&#8217;impegno di Tuineje nei confronti della creativit\u00e0 e della tradizione. <\/p>\n<h2 class=\"wp-block-heading\">Una fiera per presentare i prodotti locali<\/h2>\n<p>L&#8217;assessore al Settore primario, Jonathan Pe\u00f1a, ha sottolineato l&#8217;importanza di valorizzare i prodotti locali e la storia agricola del comune: &#8220;Il pomodoro \u00e8 stato un pilastro fondamentale nello sviluppo economico di Tuineje e vogliamo che le nuove generazioni conoscano e apprezzino la sua eredit\u00e0. Questo stand \u00e8 un luogo di incontro in cui vengono riconosciuti gli sforzi dei nostri agricoltori&#8221;.<\/p>\n<p>Da parte sua, il sindaco di Tuineje, Candelaria Umpi\u00e9rrez, ha sottolineato l&#8217;importanza di FEAGA come piattaforma per rendere visibile il lavoro del settore primario: &#8220;Da parte del Comune siamo impegnati a continuare a sostenere i nostri agricoltori, allevatori e pescatori, perch\u00e9 sono l&#8217;anima del nostro comune. FEAGA \u00e8 una grande opportunit\u00e0 per mostrare la nostra identit\u00e0 e rafforzare il nostro impegno verso le nostre radici&#8221;.<\/p>\n<p>La Fiera dell&#8217;Agricoltura, dell&#8217;Allevamento e della Pesca di Fuerteventura continuer\u00e0 durante il fine settimana con un ampio programma di attivit\u00e0, degustazioni ed esposizioni che evidenziano la ricchezza del settore primario dell&#8217;isola. Lo stand di Tuineje rimarr\u00e0 aperto per accogliere tutti i visitatori interessati a saperne di pi\u00f9 sulla tradizione di coltivazione del pomodoro del comune. <\/p>\n<\/div>\n","protected":false},"excerpt":{"rendered":"<p>Lo stand del Comune mette in risalto l&#8217;eredit\u00e0 della coltivazione del pomodoro, con attivit\u00e0 didattiche e ludiche per i visitatori. Il Comune di Tuineje ha aperto il suo stand questo [&hellip;]<\/p>\n","protected":false},"author":1,"featured_media":784,"comment_status":"open","ping_status":"open","sticky":false,"template":"","format":"standard","meta":{"inline_featured_image":false,"jnews-multi-image_gallery":[],"jnews_single_post":[],"jnews_primary_category":[],"jnews_social_meta":[],"jnews_override_counter":[],"jnews_post_split":[],"footnotes":""},"categories":[301],"tags":[202,224,238,223,221],"class_list":["post-1282","post","type-post","status-publish","format-standard","has-post-thumbnail","hentry","category-tuineje-it","tag-comuni","tag-cultura-e-tempo-libero","tag-eventi","tag-fuerteventura-it","tag-istruzione"],"jetpack_featured_media_url":"https:\/\/informacionlocal.es\/wp-content\/uploads\/2025\/04\/img_0124-scaled-1.jpg","_links":{"self":[{"href":"https:\/\/informacionlocal.es\/it\/wp-json\/wp\/v2\/posts\/1282","targetHints":{"allow":["GET"]}}],"collection":[{"href":"https:\/\/informacionlocal.es\/it\/wp-json\/wp\/v2\/posts"}],"about":[{"href":"https:\/\/informacionlocal.es\/it\/wp-json\/wp\/v2\/types\/post"}],"author":[{"embeddable":true,"href":"https:\/\/informacionlocal.es\/it\/wp-json\/wp\/v2\/users\/1"}],"replies":[{"embeddable":true,"href":"https:\/\/informacionlocal.es\/it\/wp-json\/wp\/v2\/comments?post=1282"}],"version-history":[{"count":1,"href":"https:\/\/informacionlocal.es\/it\/wp-json\/wp\/v2\/posts\/1282\/revisions"}],"predecessor-version":[{"id":1760,"href":"https:\/\/informacionlocal.es\/it\/wp-json\/wp\/v2\/posts\/1282\/revisions\/1760"}],"wp:featuredmedia":[{"embeddable":true,"href":"https:\/\/informacionlocal.es\/it\/wp-json\/wp\/v2\/media\/784"}],"wp:attachment":[{"href":"https:\/\/informacionlocal.es\/it\/wp-json\/wp\/v2\/media?parent=1282"}],"wp:term":[{"taxonomy":"category","embeddable":true,"href":"https:\/\/informacionlocal.es\/it\/wp-json\/wp\/v2\/categories?post=1282"},{"taxonomy":"post_tag","embeddable":true,"href":"https:\/\/informacionlocal.es\/it\/wp-json\/wp\/v2\/tags?post=1282"}],"curies":[{"name":"wp","href":"https:\/\/api.w.org\/{rel}","templated":true}]}}