{"id":12817,"date":"2025-10-23T17:59:40","date_gmt":"2025-10-23T16:59:40","guid":{"rendered":"https:\/\/informacionlocal.es\/los-mayores-de-antigua-comienzan-la-inscripcion-para-viajar-a-cantabria\/"},"modified":"2025-10-23T17:59:40","modified_gmt":"2025-10-23T16:59:40","slug":"los-mayores-de-antigua-comienzan-la-inscripcion-para-viajar-a-cantabria","status":"publish","type":"post","link":"https:\/\/informacionlocal.es\/it\/los-mayores-de-antigua-comienzan-la-inscripcion-para-viajar-a-cantabria\/","title":{"rendered":"Los mayores de Antigua comienzan la inscripci\u00f3n para viajar a Cantabria"},"content":{"rendered":"<div class=\"elementor-widget-container\">\n<p><strong>Los mayores de Antigua comienzan la inscripci\u00f3n para viajar a Cantabria<\/strong><\/p>\n<p><strong>\u2022 Antigua organiza cada a\u00f1o un buen viaje de mayores, y este a\u00f1o, Cantabria es el destino al que llegar volando, para pasear, admirar y disfrutar de su paisaje, gastronom\u00eda y gente. <\/strong><br \/><strong>\u2022 El Ayuntamiento de Antigua subvenciona a los mayores con 60.000 euros para financiar el viaje, que incluye vuelos, desplazamientos, hospedajes, excursiones programadas, desayunos, comidas y cenas.<\/strong><\/p>\n<p>Este a\u00f1o destinamos hasta 60.000 euros a financiar con una subvenci\u00f3n el Viaje de los Mayores de Antigua, afirma el alcalde, Mat\u00edas Pe\u00f1a, me compromet\u00ed desde el principio a retomar estos viajes cada a\u00f1o, y el Ayuntamiento de Antigua no les ha fallado, incluso hemos aumentado la partida econ\u00f3mica para facilitar la inscripci\u00f3n de aquellas personas empadronadas en el municipio con 60 a\u00f1os y ser pensionista o tener 65 a\u00f1os cumplidos.<\/p>\n<p>Cuidar a nuestros mayores siempre ha sido prioritario, y sin duda, a\u00f1ade el alcalde, facilitarles viajar en grupo, disfrutar juntos, ver parajes y bailar en otras plazas de otros pueblos y costumbres, les aporta salud y muchos momentos a contar en familia a su regreso, a\u00f1ade el alcalde.<\/p>\n<p>La concejala de Servicios Sociales, Am\u00e9rica Soto Betancor anima a sus vecinos y vecinas que cumplan los requisitos a inscribirse por Registro de Entrada en el Ayuntamiento de Antigua, Tenencia de Alcald\u00eda en Caleta de Fuste o por sede electr\u00f3nica. Tienen plazo hasta el 27 de octubre a las 14:00 horas, pudiendo presentar una sola solicitud por persona.<\/p>\n<p>El Viaje de Mayores de Antigua este a\u00f1o ser\u00e1 a Cantabria durante el mes de noviembre, aclara la concejala Soto Betancor, anunci\u00e1ndose la reuni\u00f3n organizativa inmediatamente despu\u00e9s que se cierren las inscripciones, para confirmar fechas, costes, as\u00ed como las rutas y excursiones a realizar durante los siete u ocho d\u00edas que dure el viaje. Este a\u00f1o, y gracias a la subvenci\u00f3n municipal, la organizaci\u00f3n recae sobre la Asociaci\u00f3n Centro Mayores con la colaboraci\u00f3n del Ayuntamiento de Antigua desde la concejal\u00eda de Servicios Sociales, concluye la concejala.<\/p>\n<\/div>\n","protected":false},"excerpt":{"rendered":"<p><strong>Los mayores de Antigua comienzan la inscripci\u00f3n para viajar a Cantabria<\/strong><\/p>\n","protected":false},"author":1,"featured_media":12819,"comment_status":"open","ping_status":"open","sticky":false,"template":"","format":"standard","meta":{"inline_featured_image":false,"jnews-multi-image_gallery":[],"jnews_single_post":[],"jnews_primary_category":[],"jnews_social_meta":[],"jnews_override_counter":[],"jnews_post_split":[],"footnotes":""},"categories":[59],"tags":[],"class_list":["post-12817","post","type-post","status-publish","format-standard","has-post-thumbnail","hentry","category-antigua"],"jetpack_featured_media_url":"https:\/\/informacionlocal.es\/wp-content\/uploads\/2025\/10\/abierta-la-inscripcion-al-viaje-de-mayores-de-antigua-a-cantabria-scaled-1.jpg","_links":{"self":[{"href":"https:\/\/informacionlocal.es\/it\/wp-json\/wp\/v2\/posts\/12817","targetHints":{"allow":["GET"]}}],"collection":[{"href":"https:\/\/informacionlocal.es\/it\/wp-json\/wp\/v2\/posts"}],"about":[{"href":"https:\/\/informacionlocal.es\/it\/wp-json\/wp\/v2\/types\/post"}],"author":[{"embeddable":true,"href":"https:\/\/informacionlocal.es\/it\/wp-json\/wp\/v2\/users\/1"}],"replies":[{"embeddable":true,"href":"https:\/\/informacionlocal.es\/it\/wp-json\/wp\/v2\/comments?post=12817"}],"version-history":[{"count":0,"href":"https:\/\/informacionlocal.es\/it\/wp-json\/wp\/v2\/posts\/12817\/revisions"}],"wp:featuredmedia":[{"embeddable":true,"href":"https:\/\/informacionlocal.es\/it\/wp-json\/wp\/v2\/media\/12819"}],"wp:attachment":[{"href":"https:\/\/informacionlocal.es\/it\/wp-json\/wp\/v2\/media?parent=12817"}],"wp:term":[{"taxonomy":"category","embeddable":true,"href":"https:\/\/informacionlocal.es\/it\/wp-json\/wp\/v2\/categories?post=12817"},{"taxonomy":"post_tag","embeddable":true,"href":"https:\/\/informacionlocal.es\/it\/wp-json\/wp\/v2\/tags?post=12817"}],"curies":[{"name":"wp","href":"https:\/\/api.w.org\/{rel}","templated":true}]}}