{"id":12793,"date":"2025-10-23T15:58:52","date_gmt":"2025-10-23T14:58:52","guid":{"rendered":"https:\/\/informacionlocal.es\/el-nuevo-deposito-laminador-reforzara-la-capacidad-de-depuracion-de-la-edar-de-puerto-del-rosario\/"},"modified":"2025-10-23T15:58:52","modified_gmt":"2025-10-23T14:58:52","slug":"el-nuevo-deposito-laminador-reforzara-la-capacidad-de-depuracion-de-la-edar-de-puerto-del-rosario","status":"publish","type":"post","link":"https:\/\/informacionlocal.es\/it\/el-nuevo-deposito-laminador-reforzara-la-capacidad-de-depuracion-de-la-edar-de-puerto-del-rosario\/","title":{"rendered":"El nuevo dep\u00f3sito laminador reforzar\u00e1 la capacidad de depuraci\u00f3n de la EDAR de Puerto del Rosario"},"content":{"rendered":"<div class=\"entry-content\">\n<ul>\n<li><span><strong>La actuaci\u00f3n, financiada por el Gobierno de Canarias y con el apoyo del Cabildo y el Ayuntamiento, permitir\u00e1 optimizar el funcionamiento de la depuradora y preparar su futura ampliaci\u00f3n.<\/strong><\/span><strong>\u00a0<\/strong><\/li>\n<\/ul>\n<p><span><strong>En Puerto del Rosario, a 23 de octubre de 2025.-<\/strong> El alcalde de Puerto del Rosario, David de Vera, junto al concejal de Aguas, David de Le\u00f3n, acompa\u00f1\u00f3 este lunes a la presidenta del Cabildo de Fuerteventura, Lola Garc\u00eda, y al consejero de Aguas del Gobierno de Canarias, Manuel Miranda, en una visita t\u00e9cnica a las obras del dep\u00f3sito laminador vinculado a la Estaci\u00f3n Depuradora de Aguas Residuales (EDAR) del municipio, que avanzan a buen ritmo y se prev\u00e9 finalicen el pr\u00f3ximo a\u00f1o.<\/span><\/p>\n<p><span>El proyecto, impulsado por el Gobierno de Canarias a trav\u00e9s de la Consejer\u00eda de Pol\u00edtica Territorial, Cohesi\u00f3n Territorial y Aguas, supone una inversi\u00f3n total de 1.732.744,08 euros y permitir\u00e1 mejorar la capacidad operativa y el rendimiento ambiental de la depuradora, que actualmente trata 3.800 metros c\u00fabicos diarios y que, con su futura ampliaci\u00f3n prevista para 2026, alcanzar\u00e1 los 6.000 metros c\u00fabicos.<\/span><\/p>\n<p><img loading=\"lazy\" decoding=\"async\" loading=\"lazy\" class=\"size-large wp-image-157393 aligncenter\" src=\"https:\/\/informacionlocal.es\/wp-content\/uploads\/2025\/10\/20251021_depuradora_puertodelrosario-8-1024x683-1.jpg\" width=\"1024\" height=\"683\" title=\"20251021_depuradora_puertodelrosario-8-1024x683-1\"><\/p>\n<p><span>La actuaci\u00f3n consiste en la construcci\u00f3n de dos vasos con capacidad total de 5.000 metros c\u00fabicos, equipados con sistemas de pretratamiento que laminar\u00e1n los caudales antes de su env\u00edo a la EDAR. De esta manera, se garantizar\u00e1 que la instalaci\u00f3n cumpla los par\u00e1metros para los que fue dise\u00f1ada y pueda asumir con mayor eficacia los incrementos de caudal en episodios de lluvia o picos de consumo.<\/span><\/p>\n<p><span>El alcalde, David de Vera, destac\u00f3 que \u201cla puesta en marcha de este dep\u00f3sito es un paso imprescindible para modernizar la red de saneamiento del municipio y asegurar que el crecimiento urbano vaya acompa\u00f1ado de una gesti\u00f3n del agua eficiente y responsable\u201d.<\/span><\/p>\n<p><img loading=\"lazy\" decoding=\"async\" loading=\"lazy\" class=\"size-large wp-image-157394 aligncenter\" src=\"https:\/\/informacionlocal.es\/wp-content\/uploads\/2025\/10\/20251021_depuradora_puertodelrosario-11-1024x683-1.jpg\" width=\"1024\" height=\"683\" title=\"20251021_depuradora_puertodelrosario-11-1024x683-1\"><\/p>\n<p><span>La presidenta del Cabildo de Fuerteventura, Lola Garc\u00eda, puso en valor la coordinaci\u00f3n institucional que ha permitido desbloquear el proyecto y afirm\u00f3 que \u201cla cooperaci\u00f3n entre administraciones es fundamental para progresar en actuaciones de estas dimensiones, pero lo importante hoy es ver c\u00f3mo la obra se materializa y empieza a dar respuesta a una necesidad real del municipio\u201d.<\/span><\/p>\n<p><span>El consejero de Aguas del Gobierno de Canarias, Manolo Miranda, subray\u00f3 que \u201cestas obras representan una mejora t\u00e9cnica significativa en la infraestructura hidr\u00e1ulica insular. La financiaci\u00f3n para 2025 y 2026 est\u00e1 asegurada, lo que garantiza la continuidad de los trabajos y su finalizaci\u00f3n en los plazos previstos\u201d.<\/span><\/p>\n<p><img loading=\"lazy\" decoding=\"async\" loading=\"lazy\" class=\"size-large wp-image-157395 aligncenter\" src=\"https:\/\/informacionlocal.es\/wp-content\/uploads\/2025\/10\/20251021_depuradora_puertodelrosario-10-1024x676-1.jpg\" width=\"1024\" height=\"676\" title=\"20251021_depuradora_puertodelrosario-10-1024x676-1\"><\/p>\n<p><span>Finalmente, el concejal de Aguas, David de Le\u00f3n, se\u00f1al\u00f3 que \u201cel dep\u00f3sito laminador permitir\u00e1 optimizar el funcionamiento de la depuradora y minimizar los vertidos no deseados. Estamos hablando de una infraestructura que repercute directamente en la calidad del medio ambiente y, por tanto, en la calidad de vida de los ciudadanos\u201d.<\/span><\/p>\n<\/div>\n","protected":false},"excerpt":{"rendered":"<p>La actuaci\u00f3n, financiada por el Gobierno de Canarias y con el apoyo del Cabildo y el Ayuntamiento, permitir\u00e1 optimizar el funcionamiento de la depuradora y preparar su futura ampliaci\u00f3n.\u00a0 En [&hellip;]<\/p>\n","protected":false},"author":1,"featured_media":12795,"comment_status":"open","ping_status":"open","sticky":false,"template":"","format":"standard","meta":{"inline_featured_image":false,"jnews-multi-image_gallery":[],"jnews_single_post":[],"jnews_primary_category":[],"jnews_social_meta":[],"jnews_override_counter":[],"jnews_post_split":[],"footnotes":""},"categories":[61],"tags":[82,76],"class_list":["post-12793","post","type-post","status-publish","format-standard","has-post-thumbnail","hentry","category-puerto-del-rosario","tag-fuerteventura","tag-medio-ambiente"],"jetpack_featured_media_url":"https:\/\/informacionlocal.es\/wp-content\/uploads\/2025\/10\/edar-puerto-del-rosario.png","_links":{"self":[{"href":"https:\/\/informacionlocal.es\/it\/wp-json\/wp\/v2\/posts\/12793","targetHints":{"allow":["GET"]}}],"collection":[{"href":"https:\/\/informacionlocal.es\/it\/wp-json\/wp\/v2\/posts"}],"about":[{"href":"https:\/\/informacionlocal.es\/it\/wp-json\/wp\/v2\/types\/post"}],"author":[{"embeddable":true,"href":"https:\/\/informacionlocal.es\/it\/wp-json\/wp\/v2\/users\/1"}],"replies":[{"embeddable":true,"href":"https:\/\/informacionlocal.es\/it\/wp-json\/wp\/v2\/comments?post=12793"}],"version-history":[{"count":0,"href":"https:\/\/informacionlocal.es\/it\/wp-json\/wp\/v2\/posts\/12793\/revisions"}],"wp:featuredmedia":[{"embeddable":true,"href":"https:\/\/informacionlocal.es\/it\/wp-json\/wp\/v2\/media\/12795"}],"wp:attachment":[{"href":"https:\/\/informacionlocal.es\/it\/wp-json\/wp\/v2\/media?parent=12793"}],"wp:term":[{"taxonomy":"category","embeddable":true,"href":"https:\/\/informacionlocal.es\/it\/wp-json\/wp\/v2\/categories?post=12793"},{"taxonomy":"post_tag","embeddable":true,"href":"https:\/\/informacionlocal.es\/it\/wp-json\/wp\/v2\/tags?post=12793"}],"curies":[{"name":"wp","href":"https:\/\/api.w.org\/{rel}","templated":true}]}}