{"id":12787,"date":"2025-10-23T15:00:05","date_gmt":"2025-10-23T14:00:05","guid":{"rendered":"https:\/\/informacionlocal.es\/el-ayuntamiento-de-pajara-saca-a-licitacion-del-contrato-mas-ambicioso-de-limpieza-del-municipio\/"},"modified":"2025-10-23T15:00:05","modified_gmt":"2025-10-23T14:00:05","slug":"el-ayuntamiento-de-pajara-saca-a-licitacion-del-contrato-mas-ambicioso-de-limpieza-del-municipio","status":"publish","type":"post","link":"https:\/\/informacionlocal.es\/it\/el-ayuntamiento-de-pajara-saca-a-licitacion-del-contrato-mas-ambicioso-de-limpieza-del-municipio\/","title":{"rendered":"El Ayuntamiento de P\u00e1jara saca a licitaci\u00f3n del contrato m\u00e1s ambicioso de limpieza del municipio"},"content":{"rendered":"<div class=\"entry-content\">\n<p><b><i>La nueva adjudicaci\u00f3n, con una inversi\u00f3n superior a 50 millones de euros y duraci\u00f3n de diez a\u00f1os, permitir\u00e1 modernizar los servicios y mejorar las condiciones laborales\u00a0<\/i><\/b><\/p>\n<p><span>El Ayuntamiento de P\u00e1jara saca a licitaci\u00f3n el contrato de \u2018Servicio de limpieza viaria y de dependencias municipales, recogida y transporte de residuos s\u00f3lidos urbanos y asimilables en el t\u00e9rmino municipal de P\u00e1jara\u2019, con una inversi\u00f3n superior a 50 millones de euros y una duraci\u00f3n de diez a\u00f1os, lo que supone un importe anual de m\u00e1s de 5 millones de euros.\u00a0<\/span><\/p>\n<p><span>Este contrato permitir\u00e1 modernizar los servicios, mejorar las condiciones laborales del personal y renovar la flota y la maquinaria, adapt\u00e1ndolas a las necesidades actuales del municipio y a criterios de sostenibilidad.\u00a0<\/span><\/p>\n<p><span>El concejal de Servicios P\u00fablicos, Salah Chehaib, se\u00f1ala que \u201ccon esta licitaci\u00f3n damos un salto cualitativo en la gesti\u00f3n de la limpieza p\u00fablica\u201d. \u201cEste contrato no solo mejora la imagen y la eficacia del municipio, sino que tambi\u00e9n refuerza la estabilidad y las condiciones laborales de las personas que cada d\u00eda contribuyen a mantener P\u00e1jara en las mejores condiciones\u201d, afirma.\u00a0<\/span><\/p>\n<p><span>El primer teniente de alcalde, Alexis Alonso, valora el trabajo realizado por los diferentes departamentos. \u201cHemos dise\u00f1ado un pliego adaptado a las necesidades de nuestro municipio, con el objetivo de garantizar un servicio de limpieza de m\u00e1xima calidad. Adem\u00e1s, en este mismo pliego se contemplan las posibles recepciones de urbanizaciones, asegurando que todos los n\u00facleos del municipio est\u00e9n correctamente atendidos en materia de limpieza\u201d. \u201d.\u00a0<\/span><\/p>\n<p><span>Por su parte, el alcalde de P\u00e1jara, Alejandro Jorge, celebra la aprobaci\u00f3n y destaca que \u201cdamos un paso firme hacia un municipio m\u00e1s limpio. Este contrato refleja nuestro compromiso con la sostenibilidad, la calidad de los servicios p\u00fablicos y el bienestar de nuestros vecinos y vecinas\u201d.\u00a0<\/span><\/p>\n<p><span>Con esta licitaci\u00f3n, el Ayuntamiento reafirma su compromiso con una gesti\u00f3n p\u00fablica responsable, transparente y orientada al bienestar ciudadano, consolidando su apuesta por la modernizaci\u00f3n de los servicios municipales y el desarrollo sostenible del municipio. <\/span><\/p>\n<\/div>\n","protected":false},"excerpt":{"rendered":"<p><i>La nueva adjudicaci\u00f3n, con una inversi\u00f3n superior a 50 millones de euros y duraci\u00f3n de diez a\u00f1os, permitir\u00e1 modernizar los servicios y mejorar las condiciones laborales\u00a0<\/i><\/p>\n","protected":false},"author":1,"featured_media":12789,"comment_status":"open","ping_status":"open","sticky":false,"template":"","format":"standard","meta":{"inline_featured_image":false,"jnews-multi-image_gallery":[],"jnews_single_post":[],"jnews_primary_category":[],"jnews_social_meta":[],"jnews_override_counter":[],"jnews_post_split":[],"footnotes":""},"categories":[63],"tags":[66],"class_list":["post-12787","post","type-post","status-publish","format-standard","has-post-thumbnail","hentry","category-pajara","tag-servicios-publicos"],"jetpack_featured_media_url":"https:\/\/informacionlocal.es\/wp-content\/uploads\/2025\/10\/plan-de-limpieza-e1761226522515.png","_links":{"self":[{"href":"https:\/\/informacionlocal.es\/it\/wp-json\/wp\/v2\/posts\/12787","targetHints":{"allow":["GET"]}}],"collection":[{"href":"https:\/\/informacionlocal.es\/it\/wp-json\/wp\/v2\/posts"}],"about":[{"href":"https:\/\/informacionlocal.es\/it\/wp-json\/wp\/v2\/types\/post"}],"author":[{"embeddable":true,"href":"https:\/\/informacionlocal.es\/it\/wp-json\/wp\/v2\/users\/1"}],"replies":[{"embeddable":true,"href":"https:\/\/informacionlocal.es\/it\/wp-json\/wp\/v2\/comments?post=12787"}],"version-history":[{"count":0,"href":"https:\/\/informacionlocal.es\/it\/wp-json\/wp\/v2\/posts\/12787\/revisions"}],"wp:featuredmedia":[{"embeddable":true,"href":"https:\/\/informacionlocal.es\/it\/wp-json\/wp\/v2\/media\/12789"}],"wp:attachment":[{"href":"https:\/\/informacionlocal.es\/it\/wp-json\/wp\/v2\/media?parent=12787"}],"wp:term":[{"taxonomy":"category","embeddable":true,"href":"https:\/\/informacionlocal.es\/it\/wp-json\/wp\/v2\/categories?post=12787"},{"taxonomy":"post_tag","embeddable":true,"href":"https:\/\/informacionlocal.es\/it\/wp-json\/wp\/v2\/tags?post=12787"}],"curies":[{"name":"wp","href":"https:\/\/api.w.org\/{rel}","templated":true}]}}