{"id":12769,"date":"2025-10-23T09:59:00","date_gmt":"2025-10-23T08:59:00","guid":{"rendered":"https:\/\/informacionlocal.es\/el-cabildo-de-fuerteventura-continua-las-charlas-formativas-sobre-control-parental\/"},"modified":"2025-10-23T09:59:00","modified_gmt":"2025-10-23T08:59:00","slug":"el-cabildo-de-fuerteventura-continua-las-charlas-formativas-sobre-control-parental","status":"publish","type":"post","link":"https:\/\/informacionlocal.es\/it\/el-cabildo-de-fuerteventura-continua-las-charlas-formativas-sobre-control-parental\/","title":{"rendered":"\ufeffEl Cabildo de Fuerteventura contin\u00faa las charlas formativas sobre control parental"},"content":{"rendered":"<div class=\"entry-content\"><strong>23 octubre, 2025<\/strong><\/p>\n<p><em><strong>La pr\u00f3xima cita tendr\u00e1 lugar el 3 de noviembre en Ra\u00edz del Pueblo (La Oliva)<\/strong><\/em><\/p>\n<p>El Cabildo de Fuerteventura, a trav\u00e9s de su Consejer\u00eda de Nuevas Tecnolog\u00edas, reafirma su compromiso con la educaci\u00f3n digital y la protecci\u00f3n de los menores con la continuidad del programa formativo \u2018Control parental y uso seguro de m\u00f3viles y tablets\u2019. Esta iniciativa, financiada por el programa FDCAN, se encuentra actualmente en marcha, recorriendo diferentes localidades de la isla con el objetivo de empoderar a madres y padres en el uso responsable y seguro de las tecnolog\u00edas m\u00f3viles por parte de sus hijos e hijas.<\/p>\n<p>Como parte de este proyecto, el lunes 3 de noviembre a las 19:00 horas, en la sede de la Asociaci\u00f3n Cultural Ra\u00edz del Pueblo, se celebrar\u00e1 una nueva charla formativa abierta a todas las madres y padres interesados en participar y ampliar sus conocimientos sobre el control parental y el uso seguro de m\u00f3viles y tablets.<\/p>\n<p>Las charlas formativas, que han contado con una excelente acogida, se enfocan en ofrecer a las familias herramientas pr\u00e1cticas para supervisar y gestionar el uso de dispositivos digitales de manera efectiva. Durante las sesiones, se abordan tanto los beneficios como los riesgos del uso de m\u00f3viles y tablets, se presentan diferentes herramientas de control parental y se orienta sobre c\u00f3mo configurar estos dispositivos para garantizar un entorno digital seguro.<\/p>\n<p>Adem\u00e1s de la formaci\u00f3n, las sesiones incluyen la entrega de materiales de apoyo, gu\u00edas pr\u00e1cticas y recursos digitales para facilitar el acompa\u00f1amiento de las familias en el entorno digital.<\/p>\n<p>La consejera insular de Nuevas Tecnolog\u00edas, Carmen Alonso, destaca que \u201ccada vez m\u00e1s ni\u00f1os y ni\u00f1as acceden a la tecnolog\u00eda y a las redes sociales desde edades tempranas; es por eso que creemos que este programa es vital\u201d. Alonso subraya que \u201cempoderar a las familias con informaci\u00f3n \u00fatil y actualizada es fundamental para que puedan acompa\u00f1ar a sus hijos e hijas en el mundo digital\u201d. Del mismo modo, recuerda la importancia de abordar los riesgos del entorno digital desde el hogar.<\/p>\n<p>Este proyecto representa un paso fundamental para fomentar una sociedad digitalmente preparada, apostando por la innovaci\u00f3n y el conocimiento a trav\u00e9s de la formaci\u00f3n y el acompa\u00f1amiento a la ciudadan\u00eda en la era digital. Asimismo, la consejera agradece a la Asociaci\u00f3n Cultural Ra\u00edz del Pueblo por su colaboraci\u00f3n en la pr\u00f3xima charla formativa.<\/p>\n<\/div>\n","protected":false},"excerpt":{"rendered":"<p>23 octubre, 2025 La pr\u00f3xima cita tendr\u00e1 lugar el 3 de noviembre en Ra\u00edz del Pueblo (La Oliva) El Cabildo de Fuerteventura, a trav\u00e9s de su Consejer\u00eda de Nuevas Tecnolog\u00edas, [&hellip;]<\/p>\n","protected":false},"author":1,"featured_media":12771,"comment_status":"open","ping_status":"open","sticky":false,"template":"","format":"standard","meta":{"inline_featured_image":false,"jnews-multi-image_gallery":[],"jnews_single_post":[],"jnews_primary_category":[],"jnews_social_meta":[],"jnews_override_counter":[],"jnews_post_split":[],"footnotes":""},"categories":[58],"tags":[73,82],"class_list":["post-12769","post","type-post","status-publish","format-standard","has-post-thumbnail","hentry","category-cabildo","tag-educacion","tag-fuerteventura"],"jetpack_featured_media_url":"https:\/\/informacionlocal.es\/wp-content\/uploads\/2025\/10\/charla-control-patentral-rauz-del-pueblo-1.jpg","_links":{"self":[{"href":"https:\/\/informacionlocal.es\/it\/wp-json\/wp\/v2\/posts\/12769","targetHints":{"allow":["GET"]}}],"collection":[{"href":"https:\/\/informacionlocal.es\/it\/wp-json\/wp\/v2\/posts"}],"about":[{"href":"https:\/\/informacionlocal.es\/it\/wp-json\/wp\/v2\/types\/post"}],"author":[{"embeddable":true,"href":"https:\/\/informacionlocal.es\/it\/wp-json\/wp\/v2\/users\/1"}],"replies":[{"embeddable":true,"href":"https:\/\/informacionlocal.es\/it\/wp-json\/wp\/v2\/comments?post=12769"}],"version-history":[{"count":0,"href":"https:\/\/informacionlocal.es\/it\/wp-json\/wp\/v2\/posts\/12769\/revisions"}],"wp:featuredmedia":[{"embeddable":true,"href":"https:\/\/informacionlocal.es\/it\/wp-json\/wp\/v2\/media\/12771"}],"wp:attachment":[{"href":"https:\/\/informacionlocal.es\/it\/wp-json\/wp\/v2\/media?parent=12769"}],"wp:term":[{"taxonomy":"category","embeddable":true,"href":"https:\/\/informacionlocal.es\/it\/wp-json\/wp\/v2\/categories?post=12769"},{"taxonomy":"post_tag","embeddable":true,"href":"https:\/\/informacionlocal.es\/it\/wp-json\/wp\/v2\/tags?post=12769"}],"curies":[{"name":"wp","href":"https:\/\/api.w.org\/{rel}","templated":true}]}}