{"id":12745,"date":"2025-10-22T17:59:36","date_gmt":"2025-10-22T16:59:36","guid":{"rendered":"https:\/\/informacionlocal.es\/corralejo-se-prepara-para-vivir-el-xix-festival-internacional-de-blues-y-jazz\/"},"modified":"2025-10-22T17:59:36","modified_gmt":"2025-10-22T16:59:36","slug":"corralejo-se-prepara-para-vivir-el-xix-festival-internacional-de-blues-y-jazz","status":"publish","type":"post","link":"https:\/\/informacionlocal.es\/it\/corralejo-se-prepara-para-vivir-el-xix-festival-internacional-de-blues-y-jazz\/","title":{"rendered":"Corralejo se prepara para vivir el XIX Festival Internacional de Blues y Jazz"},"content":{"rendered":"<p>\u00daltimos preparativos para la nueva edici\u00f3n del Festival de Blues y Jazz. El Ayuntamiento de La Oliva, a trav\u00e9s de la Concejal\u00eda de Cultura, que gestiona David Hern\u00e1ndez, junto con la colaboraci\u00f3n de la Consejer\u00eda de Cultura del Cabildo Insular de Fuerteventura, con Rayco Le\u00f3n al frente, ultiman detalles para vivir lo mejor de ambos g\u00e9neros musicales en Avenida Nuestra Se\u00f1ora del Carmen, Corralejo.<\/p>\n<p>El Consistorio reajusta el horario de comienzo del evento adelant\u00e1ndolo una hora, para empezar, por tanto, a las 19:00 horas. El objetivo es mitigar los ruidos y molestias que puedan ocasionar a los vecinos y vecinas de la zona. <\/p>\n<p>El encuentro reunir\u00e1 a artistas locales, nacionales e internacionales durante tres d\u00edas. El jueves 23 de octubre se subir\u00e1n al escenario los grupos locales como Johele y Indunas, Jazz Street Project y Ars\u00e9nico. Por otro lado, el viernes 24 de octubre ser\u00e1 la noche dedicada al Blues con los artistas The Electric Soul Company (Chicago), JJ Thames &amp; Luca Giordano Band (USA\/IT) y Mart\u00edn Burguez &amp; Hits Rhythm Combo (Uruguay \u2013 Barcelona). Durante la misma noche el p\u00fablico podr\u00e1 disfrutar de la dinamizaci\u00f3n de la Banda The Plunger Dixie Band a las 18:00 horas.<\/p>\n<p>Para rematar el encuentro, el s\u00e1bado 25 de octubre Corralejo ser\u00e1 testigo de la m\u00fasica de Combo Paraiso (Madrid, Latino Blanco &amp; Mark Nightingale (Reino Unido \u2013 Valencia) y Jesse David (Luisiana \u2013 Nueva Orleans), coronando la gran noche del Jazz.  <\/p>\n<p>Una cita obligatoria en el calendario cultural que no pasa inadvertida entre locales y visitantes de la isla majorera.<\/p>\n","protected":false},"excerpt":{"rendered":"<p><span>Avenida Nuestra Se\u00f1ora del Carmen se llenar\u00e1 de el mejor ritmo de ambos g\u00e9neros a partir de las 19:00 horas<\/span><\/p>\n","protected":false},"author":1,"featured_media":12747,"comment_status":"open","ping_status":"open","sticky":false,"template":"","format":"standard","meta":{"inline_featured_image":false,"jnews-multi-image_gallery":[],"jnews_single_post":[],"jnews_primary_category":[],"jnews_social_meta":[],"jnews_override_counter":[],"jnews_post_split":[],"footnotes":""},"categories":[62],"tags":[82],"class_list":["post-12745","post","type-post","status-publish","format-standard","has-post-thumbnail","hentry","category-la-oliva","tag-fuerteventura"],"jetpack_featured_media_url":"https:\/\/informacionlocal.es\/wp-content\/uploads\/2025\/10\/5264_da4ab1f8.png","_links":{"self":[{"href":"https:\/\/informacionlocal.es\/it\/wp-json\/wp\/v2\/posts\/12745","targetHints":{"allow":["GET"]}}],"collection":[{"href":"https:\/\/informacionlocal.es\/it\/wp-json\/wp\/v2\/posts"}],"about":[{"href":"https:\/\/informacionlocal.es\/it\/wp-json\/wp\/v2\/types\/post"}],"author":[{"embeddable":true,"href":"https:\/\/informacionlocal.es\/it\/wp-json\/wp\/v2\/users\/1"}],"replies":[{"embeddable":true,"href":"https:\/\/informacionlocal.es\/it\/wp-json\/wp\/v2\/comments?post=12745"}],"version-history":[{"count":0,"href":"https:\/\/informacionlocal.es\/it\/wp-json\/wp\/v2\/posts\/12745\/revisions"}],"wp:featuredmedia":[{"embeddable":true,"href":"https:\/\/informacionlocal.es\/it\/wp-json\/wp\/v2\/media\/12747"}],"wp:attachment":[{"href":"https:\/\/informacionlocal.es\/it\/wp-json\/wp\/v2\/media?parent=12745"}],"wp:term":[{"taxonomy":"category","embeddable":true,"href":"https:\/\/informacionlocal.es\/it\/wp-json\/wp\/v2\/categories?post=12745"},{"taxonomy":"post_tag","embeddable":true,"href":"https:\/\/informacionlocal.es\/it\/wp-json\/wp\/v2\/tags?post=12745"}],"curies":[{"name":"wp","href":"https:\/\/api.w.org\/{rel}","templated":true}]}}