{"id":12739,"date":"2025-10-22T16:58:29","date_gmt":"2025-10-22T15:58:29","guid":{"rendered":"https:\/\/informacionlocal.es\/overheat-band-fuerteventura-en-caleta-es-musica-con-mi-vida-es-rockn-roll\/"},"modified":"2025-10-22T16:58:29","modified_gmt":"2025-10-22T15:58:29","slug":"overheat-band-fuerteventura-en-caleta-es-musica-con-mi-vida-es-rockn-roll","status":"publish","type":"post","link":"https:\/\/informacionlocal.es\/it\/overheat-band-fuerteventura-en-caleta-es-musica-con-mi-vida-es-rockn-roll\/","title":{"rendered":"Overheat Band Fuerteventura en Caleta es M\u00fasica con Mi vida es Rock\u2019n Roll"},"content":{"rendered":"<div class=\"elementor-widget-container\">\n<p><strong>Overheat Band Fuerteventura en Caleta es M\u00fasica con Mi vida es Rock\u2019n Roll<\/strong><\/p>\n<p><strong>\u2022 En el paseo mar\u00edtimo de Caleta de Fuste, junto al Frasquita, este s\u00e1bado 25 de octubre de 12:00 a 15:00 horas.<\/strong><\/p>\n<p><strong>\u2022 Caleta es M\u00fasica ofrece cada s\u00e1bado una programaci\u00f3n musical hasta finales de noviembre, en diferentes plazas, paseo mar\u00edtimo o peatonales de Caleta de Fuste.<\/strong><\/p>\n<p>El Ayuntamiento de Antigua desde la concejal\u00eda de Comercio impulsa el programa de actuaciones, Caleta es M\u00fasica hasta finales de noviembre, con actuaciones en vivo cada s\u00e1bado, de grupos de Fuerteventura en las calles, plazas y paseos de Caleta de Fuste.<\/p>\n<p>Un concierto de calle que sorprende al vecino y al turista que pasea y visita la localidad, encontrando una actuaci\u00f3n musical en vivo y en directo en el mismo paseo mar\u00edtimo, se\u00f1ala el alcalde Mat\u00edas Pe\u00f1a.<\/p>\n<p>El programa musical Caleta es M\u00fasica, organizado por el Ayuntamiento de Antigua desde la concejal\u00eda de Comercio, logra sorprender al viandante, invita a sentarse en las terrazas cercanas y supone un respaldo a grupos de m\u00fasica de Fuerteventura, a\u00f1ade el concejal de \u00e1rea, Giuseppe Signorino.<\/p>\n<p>As\u00ed cada s\u00e1bado de este mes y noviembre, incluido, un grupo diferente protagoniza Caleta es M\u00fasica, ofreciendo ritmos y estilos muy distintos en cada cita, se\u00f1ala el concejal, siempre en un lugar cercano a las zonas o \u00e1reas comerciales y de hosteler\u00eda, como atractivo entretenido que invita a quedarse a los viandantes en la calle, plaza o terrazas pr\u00f3ximas.<\/p>\n<p>Este s\u00e1bado 18 de octubre de 12:00 a 15:00 horas, en el paseo mar\u00edtimo de El Castillo, junto al Frasquita, Caleta es M\u00fasica propone el espect\u00e1culo musical Mi vida es Rock\u2019n Roll con Overheat Band Fuerteventura.<\/p>\n<\/div>\n","protected":false},"excerpt":{"rendered":"<p><strong>Overheat Band Fuerteventura en Caleta es M\u00fasica con Mi vida es Rock\u2019n Roll<\/strong><\/p>\n","protected":false},"author":1,"featured_media":12741,"comment_status":"open","ping_status":"open","sticky":false,"template":"","format":"standard","meta":{"inline_featured_image":false,"jnews-multi-image_gallery":[],"jnews_single_post":[],"jnews_primary_category":[],"jnews_social_meta":[],"jnews_override_counter":[],"jnews_post_split":[],"footnotes":""},"categories":[59],"tags":[82],"class_list":["post-12739","post","type-post","status-publish","format-standard","has-post-thumbnail","hentry","category-antigua","tag-fuerteventura"],"jetpack_featured_media_url":"https:\/\/informacionlocal.es\/wp-content\/uploads\/2025\/10\/img-20251018-wa0004.jpg","_links":{"self":[{"href":"https:\/\/informacionlocal.es\/it\/wp-json\/wp\/v2\/posts\/12739","targetHints":{"allow":["GET"]}}],"collection":[{"href":"https:\/\/informacionlocal.es\/it\/wp-json\/wp\/v2\/posts"}],"about":[{"href":"https:\/\/informacionlocal.es\/it\/wp-json\/wp\/v2\/types\/post"}],"author":[{"embeddable":true,"href":"https:\/\/informacionlocal.es\/it\/wp-json\/wp\/v2\/users\/1"}],"replies":[{"embeddable":true,"href":"https:\/\/informacionlocal.es\/it\/wp-json\/wp\/v2\/comments?post=12739"}],"version-history":[{"count":0,"href":"https:\/\/informacionlocal.es\/it\/wp-json\/wp\/v2\/posts\/12739\/revisions"}],"wp:featuredmedia":[{"embeddable":true,"href":"https:\/\/informacionlocal.es\/it\/wp-json\/wp\/v2\/media\/12741"}],"wp:attachment":[{"href":"https:\/\/informacionlocal.es\/it\/wp-json\/wp\/v2\/media?parent=12739"}],"wp:term":[{"taxonomy":"category","embeddable":true,"href":"https:\/\/informacionlocal.es\/it\/wp-json\/wp\/v2\/categories?post=12739"},{"taxonomy":"post_tag","embeddable":true,"href":"https:\/\/informacionlocal.es\/it\/wp-json\/wp\/v2\/tags?post=12739"}],"curies":[{"name":"wp","href":"https:\/\/api.w.org\/{rel}","templated":true}]}}