{"id":12733,"date":"2025-10-22T15:58:33","date_gmt":"2025-10-22T14:58:33","guid":{"rendered":"https:\/\/informacionlocal.es\/benjamin-prado-inaugura-la-feria-del-libro-de-fuerteventura\/"},"modified":"2025-10-22T15:58:33","modified_gmt":"2025-10-22T14:58:33","slug":"benjamin-prado-inaugura-la-feria-del-libro-de-fuerteventura","status":"publish","type":"post","link":"https:\/\/informacionlocal.es\/it\/benjamin-prado-inaugura-la-feria-del-libro-de-fuerteventura\/","title":{"rendered":"Benjam\u00edn Prado inaugura la Feria del Libro de Fuerteventura"},"content":{"rendered":"<div class=\"entry-content\"><strong>22 octubre, 2025<\/strong><\/p>\n<p><em><strong>La compa\u00f1\u00eda gallega Pistacatro, Premio Nacional de Circo 2025, ofrecer\u00e1 el espect\u00e1culo \u2018Orquesta Malabares\u2019<\/strong><\/em><\/p>\n<p>El poeta, novelista y ensayista Benjam\u00edn Prado (Madrid, 1961) ser\u00e1 el encargado de inaugurar la 35 edici\u00f3n de la Feria del Libro de Fuerteventura, que arranca este jueves 23 de octubre y concluir\u00e1 el pr\u00f3ximo domingo 26 en la Plaza del Palacio de Formaci\u00f3n y Congresos.<\/p>\n<p>Prado, cuya obra ha sido publicada en Argentina, Cuba, Colombia, Chile, M\u00e9xico, Per\u00fa y El Salvador y ha sido traducida a varios idiomas, ser\u00e1 el encargado de ofrecer la conferencia inaugural del encuentro literario, a la que ha bautizado \u2018Qu\u00e9 isla te llevar\u00edas a un libro desierto\u2019. El acto tendr\u00e1 lugar en la Carpa Josefina Pl\u00e1 a las 19:00 horas.<\/p>\n<p>El teatro tambi\u00e9n tendr\u00e1 un especial protagonismo durante la primera jornada de la Feria del libro de Fuerteventura. A las 18:00 horas comenzar\u00e1 el espect\u00e1culo \u2018Orquesta de malabares\u2019, a cargo de la compa\u00f1\u00eda gallega Pistacatro, Premio Nacional de Circo 2025.<\/p>\n<p>La compa\u00f1\u00eda aterriza en Fuerteventura tan solo unos d\u00edas despu\u00e9s de que el Ministerio de Cultura les concediera el Premio Nacional de Circo 2025 por \u201csu destacada labor en la creaci\u00f3n y difusi\u00f3n de propuestas circenses de una enorme presencia esc\u00e9nica, rigor y carisma, con importantes hitos en 2024, como la gira de \u2018Drop\u2019, un montaje sorprendente con un lenguaje propio, y la consolidaci\u00f3n de su espect\u00e1culo \u2018Orquesta de malabares\u2019 en el que fusionan la m\u00fasica y el circo\u00bb.<\/p>\n<p>La m\u00fasica ser\u00e1 la encargada de cerrar el programa de este jueves. A las 21:00 horas, tambi\u00e9n en la Carpa Josefina Pl\u00e1, tendr\u00e1 lugar el espect\u00e1culo po\u00e9tico-musical \u2018La obra generacional\u2019 de la mano del conocido cantautor Nacho Vegas y el poeta Rafael Espejo.<\/p>\n<p>Como ya es tradici\u00f3n en la Feria del Libro de Fuerteventura, el tren de las letras facilitar\u00e1 el traslado del p\u00fablico y partir\u00e1, desde las 17:00 horas, de la primera parada, situada en el Centro de Arte Juan Ismael. Las siguientes paradas son: Plaza Rafael P\u00e1ez (conocida como Plaza del Tomate), la Calle Juan Tadeo Cabrera (Centro de Mayores) y la Playa de Los Pozos. Desde ah\u00ed, llevar\u00e1 a sus pasajeros hasta la Feria.<\/p>\n<p>Habr\u00e1 espacio, adem\u00e1s, para la primera presentaci\u00f3n literaria. A las 20:00 horas, Isaac Rosa (Sevilla, 1974) hablar\u00e1 de Las buenas noches con la periodista Saray Encinoso.\u00a0 Rosa ha publicado las novelas La malamemoria (1999), posteriormente reelaborada en \u00a1Otra maldita novela sobre la guerra civil! (2007); El vano ayer (2004); El pa\u00eds del miedo (2008); La mano invisible (2011); La habitaci\u00f3n oscura (2013) y Feliz final (2018), todas ellas publicadas en Seix Barral. En 2022 obtuvo el Premio Biblioteca Breve por Lugar seguro. Columnista de prensa, es tambi\u00e9n autor de guiones de c\u00f3mic, novelas juveniles y libros de relatos, entre los que destaca Tiza roja (2020).<\/p>\n<p>No obstante, la programaci\u00f3n arrancar\u00e1 desde por la ma\u00f1ana con una agenda dedicada en exclusiva a los escolares de la Isla. A las 11:00 horas, la Sala Sinf\u00f3nica del Palacio de Formaci\u00f3n y Congresos acoger\u00e1 el espect\u00e1culo \u2018El Quijote\u2019, de la compa\u00f1\u00eda castellano manchega Tumbalobos. Una hora despu\u00e9s, a las 12:00 horas en la Carpa Josefina Pl\u00e1, ser\u00e1 el turno de \u2018Pinocho\u2019, de Compa\u00f1\u00eda Ultramarinos de Lucas, tambi\u00e9n llegados desde Castilla-La Mancha.<\/p>\n<p>La Feria del Libro est\u00e1 organizada por el Centro Bibliotecario Insular, dependiente de la Consejer\u00eda de Cultura del Cabildo de Fuerteventura, y cuenta con la colaboraci\u00f3n del Instituto Canario de Desarrollo Cultural del Gobierno de Canarias.<\/p>\n<\/div>\n","protected":false},"excerpt":{"rendered":"<p>22 octubre, 2025 La compa\u00f1\u00eda gallega Pistacatro, Premio Nacional de Circo 2025, ofrecer\u00e1 el espect\u00e1culo \u2018Orquesta Malabares\u2019 El poeta, novelista y ensayista Benjam\u00edn Prado (Madrid, 1961) ser\u00e1 el encargado de [&hellip;]<\/p>\n","protected":false},"author":1,"featured_media":12735,"comment_status":"open","ping_status":"open","sticky":false,"template":"","format":"standard","meta":{"inline_featured_image":false,"jnews-multi-image_gallery":[],"jnews_single_post":[],"jnews_primary_category":[],"jnews_social_meta":[],"jnews_override_counter":[],"jnews_post_split":[],"footnotes":""},"categories":[58],"tags":[82],"class_list":["post-12733","post","type-post","status-publish","format-standard","has-post-thumbnail","hentry","category-cabildo","tag-fuerteventura"],"jetpack_featured_media_url":"https:\/\/informacionlocal.es\/wp-content\/uploads\/2025\/10\/554780471_1316798963822115_5008927308979116708_n.jpg","_links":{"self":[{"href":"https:\/\/informacionlocal.es\/it\/wp-json\/wp\/v2\/posts\/12733","targetHints":{"allow":["GET"]}}],"collection":[{"href":"https:\/\/informacionlocal.es\/it\/wp-json\/wp\/v2\/posts"}],"about":[{"href":"https:\/\/informacionlocal.es\/it\/wp-json\/wp\/v2\/types\/post"}],"author":[{"embeddable":true,"href":"https:\/\/informacionlocal.es\/it\/wp-json\/wp\/v2\/users\/1"}],"replies":[{"embeddable":true,"href":"https:\/\/informacionlocal.es\/it\/wp-json\/wp\/v2\/comments?post=12733"}],"version-history":[{"count":0,"href":"https:\/\/informacionlocal.es\/it\/wp-json\/wp\/v2\/posts\/12733\/revisions"}],"wp:featuredmedia":[{"embeddable":true,"href":"https:\/\/informacionlocal.es\/it\/wp-json\/wp\/v2\/media\/12735"}],"wp:attachment":[{"href":"https:\/\/informacionlocal.es\/it\/wp-json\/wp\/v2\/media?parent=12733"}],"wp:term":[{"taxonomy":"category","embeddable":true,"href":"https:\/\/informacionlocal.es\/it\/wp-json\/wp\/v2\/categories?post=12733"},{"taxonomy":"post_tag","embeddable":true,"href":"https:\/\/informacionlocal.es\/it\/wp-json\/wp\/v2\/tags?post=12733"}],"curies":[{"name":"wp","href":"https:\/\/api.w.org\/{rel}","templated":true}]}}