{"id":12707,"date":"2025-10-22T13:00:30","date_gmt":"2025-10-22T12:00:30","guid":{"rendered":"https:\/\/informacionlocal.es\/el-cabildo-advierte-del-dano-que-pueden-causar-los-animales-domesticos-sueltos-en-espacios-naturales\/"},"modified":"2025-10-22T13:00:30","modified_gmt":"2025-10-22T12:00:30","slug":"el-cabildo-advierte-del-dano-que-pueden-causar-los-animales-domesticos-sueltos-en-espacios-naturales","status":"publish","type":"post","link":"https:\/\/informacionlocal.es\/it\/el-cabildo-advierte-del-dano-que-pueden-causar-los-animales-domesticos-sueltos-en-espacios-naturales\/","title":{"rendered":"El Cabildo advierte del da\u00f1o que pueden causar los animales dom\u00e9sticos sueltos en espacios naturales"},"content":{"rendered":"<div class=\"entry-content\"><strong>22 octubre, 2025<\/strong><\/p>\n<p><em><strong>Los servicios de vigilancia de Medio Ambiente alertan del incremento de animales dom\u00e9sticos en el Parque Natural de Corralejo, poniendo en riesgo la integridad del espacio y especies protegidas<\/strong><\/em><\/p>\n<p>La Consejer\u00eda de Medio Ambiente del Cabildo de<br \/>\nFuerteventura, que dirige Carlos Rodr\u00edguez, advierte de los da\u00f1os que pueden<br \/>\nocasionar los animales dom\u00e9sticos en espacios naturales protegidos. <\/p>\n<p>En este sentido, los servicios de vigilancia<br \/>\nambiental advierten del incremento de la presencia de animales dom\u00e9sticos<br \/>\nsueltos en <strong>zonas de uso restringido<\/strong> del Parque Natural de Corralejo,<br \/>\nponiendo en riesgo la integridad del espacio y propiciando da\u00f1os y molestias a<br \/>\nlas especies silvestres protegidas.<\/p>\n<p>Con objeto de armonizar los usos en este<br \/>\nespacio natural, se establece una zonificaci\u00f3n en raz\u00f3n del nivel de protecci\u00f3n<br \/>\nque requiera para su conservaci\u00f3n, estableci\u00e9ndose algunas \u00e1reas como de uso<br \/>\nrestringido. Muchas especies de aves como la hubara canaria o avutarda (en<br \/>\npeligro de extinci\u00f3n), el chorlitejo patinegro (especie vulnerable) o la<br \/>\nterrera marisme\u00f1a (en r\u00e9gimen de protecci\u00f3n especial) habitan las zonas<br \/>\narenosas del parque, en las que anidan y crian a sus pollos. La presencia del<br \/>\nser humano y algunas mascotas puede alterar su comportamiento, provocar el<br \/>\nabandono de nidos o la p\u00e9rdida de cr\u00edas.<\/p>\n<p>El Plan Rector de Uso y Gesti\u00f3n del Parque<br \/>\nNatural (PRUG) proh\u00edbe la liberaci\u00f3n de animales dom\u00e9sticos por resultar<br \/>\ncontrario a la finalidad de protecci\u00f3n de los recursos naturales del espacio.<br \/>\nSu incumplimiento puede llevar aparejadas sanciones comprendidas entre 150 a<br \/>\n600 euros (de conformidad con el art\u00edculo 392 de la Ley 4\/2017, de 13 de julio<br \/>\ndel Suelo y de los Espacios Naturales Protegidos de Canarias).<\/p>\n<p>Asimismo, se recuerda que la Ley 7\/2023, de 28<br \/>\nde marzo de protecci\u00f3n de los derechos y el bienestar de los animales proh\u00edbe<br \/>\ndejar animales sueltos o en condiciones de causar da\u00f1os en los Espacios<br \/>\nNaturales Protegidos. (art\u00edculo 25)<\/p>\n<p>Por todos estos motivos, la Consejer\u00eda de<br \/>\nMedio Ambiente hace un llamamiento a la responsabilidad ciudadana: existen<br \/>\nnumerosos espacios habilitados para pasear con mascotas en la isla, pero se<br \/>\ndeben respetar los espacios protegidos, tanto los pertenecientes a la Red<br \/>\nCanaria de Espacios Naturales Protegidos como a los de la Red Natura 2000 (Zonas<br \/>\nde Especial Protecci\u00f3n para las Aves -ZEPA y Zona Especial de Conservaci\u00f3n- ZEC).<\/p>\n<p>Cada visita al parque es una oportunidad para<br \/>\nrespetar y proteger. Evitar molestias tanto a la flora como a la fauna no es<br \/>\nsolo cumplir una norma: es un gesto de compromiso con la naturaleza de Fuerteventura,<br \/>\ncompaginando el disfrute de la naturaleza con la conservaci\u00f3n del h\u00e1bitat y de<br \/>\nlas diferentes especies.<\/p>\n<\/div>\n","protected":false},"excerpt":{"rendered":"<p>22 octubre, 2025 Los servicios de vigilancia de Medio Ambiente alertan del incremento de animales dom\u00e9sticos en el Parque Natural de Corralejo, poniendo en riesgo la integridad del espacio y [&hellip;]<\/p>\n","protected":false},"author":1,"featured_media":12709,"comment_status":"open","ping_status":"open","sticky":false,"template":"","format":"standard","meta":{"inline_featured_image":false,"jnews-multi-image_gallery":[],"jnews_single_post":[],"jnews_primary_category":[],"jnews_social_meta":[],"jnews_override_counter":[],"jnews_post_split":[],"footnotes":""},"categories":[58],"tags":[82,76],"class_list":["post-12707","post","type-post","status-publish","format-standard","has-post-thumbnail","hentry","category-cabildo","tag-fuerteventura","tag-medio-ambiente"],"jetpack_featured_media_url":"https:\/\/informacionlocal.es\/wp-content\/uploads\/2025\/10\/medioambiente.jpeg","_links":{"self":[{"href":"https:\/\/informacionlocal.es\/it\/wp-json\/wp\/v2\/posts\/12707","targetHints":{"allow":["GET"]}}],"collection":[{"href":"https:\/\/informacionlocal.es\/it\/wp-json\/wp\/v2\/posts"}],"about":[{"href":"https:\/\/informacionlocal.es\/it\/wp-json\/wp\/v2\/types\/post"}],"author":[{"embeddable":true,"href":"https:\/\/informacionlocal.es\/it\/wp-json\/wp\/v2\/users\/1"}],"replies":[{"embeddable":true,"href":"https:\/\/informacionlocal.es\/it\/wp-json\/wp\/v2\/comments?post=12707"}],"version-history":[{"count":0,"href":"https:\/\/informacionlocal.es\/it\/wp-json\/wp\/v2\/posts\/12707\/revisions"}],"wp:featuredmedia":[{"embeddable":true,"href":"https:\/\/informacionlocal.es\/it\/wp-json\/wp\/v2\/media\/12709"}],"wp:attachment":[{"href":"https:\/\/informacionlocal.es\/it\/wp-json\/wp\/v2\/media?parent=12707"}],"wp:term":[{"taxonomy":"category","embeddable":true,"href":"https:\/\/informacionlocal.es\/it\/wp-json\/wp\/v2\/categories?post=12707"},{"taxonomy":"post_tag","embeddable":true,"href":"https:\/\/informacionlocal.es\/it\/wp-json\/wp\/v2\/tags?post=12707"}],"curies":[{"name":"wp","href":"https:\/\/api.w.org\/{rel}","templated":true}]}}