{"id":12681,"date":"2025-10-21T16:58:23","date_gmt":"2025-10-21T15:58:23","guid":{"rendered":"https:\/\/informacionlocal.es\/el-plan-de-empleo-el-cabildo-actua-mejora-las-instalaciones-del-centro-de-educacion-especial-de-puerto-del-rosario\/"},"modified":"2025-10-21T16:58:23","modified_gmt":"2025-10-21T15:58:23","slug":"el-plan-de-empleo-el-cabildo-actua-mejora-las-instalaciones-del-centro-de-educacion-especial-de-puerto-del-rosario","status":"publish","type":"post","link":"https:\/\/informacionlocal.es\/it\/el-plan-de-empleo-el-cabildo-actua-mejora-las-instalaciones-del-centro-de-educacion-especial-de-puerto-del-rosario\/","title":{"rendered":"El plan de empleo \u2018El Cabildo Act\u00faa\u2019 mejora las instalaciones del Centro de Educaci\u00f3n Especial de Puerto del Rosario"},"content":{"rendered":"<div class=\"entry-content\"><strong>21 octubre, 2025<\/strong><\/p>\n<p><strong><em>Un total de 37 personas desempleadas llevan estas actuaciones a<br \/>\nm\u00e1s de una treintena de centros educativos de toda Fuerteventura<\/em><\/strong><\/p>\n<p>El Cabildo de Fuerteventura contin\u00faa mejorando y rehabilitando<br \/>\ninfraestructuras educativas de todo el territorio insular, gracias al plan de<br \/>\nempleo \u2018El Cabildo Act\u00faa\u2019. <\/p>\n<p>Recientemente, las labores se han culminado en el Centro de<br \/>\nEducaci\u00f3n Especial de Puerto del Rosario, donde se ha ejecutado<br \/>\nacondicionamiento de rampas de acceso y pavimentos, adem\u00e1s de trabajos de<br \/>\nmejora en la fachada exterior del edificio.<\/p>\n<p>Las labores fueron visitadas por la consejera de Fomento del<br \/>\nEmpleo, Nuria Cabrera, el consejero de Educaci\u00f3n, Adargoma Hern\u00e1ndez, y la concejala<br \/>\nde Desarrollo Local y Empleo, Erica Gonz\u00e1lez.<\/p>\n<p>Nuria Cabrera ha puesto en valor un programa de empleo \u201cque<br \/>\ncontribuye a mantener y mejorar las instalaciones educativas de los diferentes<br \/>\nmunicipios, al tiempo que se brinda una oportunidad laboral a personas<br \/>\ndesempleadas\u201d. Adem\u00e1s, Cabrera ha agradecido la coordinaci\u00f3n con la Consejer\u00eda<br \/>\nde Educaci\u00f3n del Cabildo de Fuerteventura y del Gobierno de Canarias, todos los<br \/>\nayuntamientos de la Isla, as\u00ed como docentes y equipos directivos de los<br \/>\ncentros. \u201cEsta coordinaci\u00f3n ha permitido que este proyecto sea todo un \u00e9xito<br \/>\npara la comunidad educativa e incluso llegar a ampliarlo a m\u00e1s colegios e<br \/>\ninstitutos de los que estaban previstos en su inicio\u201d.<\/p>\n<p>Por su parte, Adargoma Hern\u00e1ndez y Erica Gonz\u00e1lez subrayaron la<br \/>\nimportancia de esta coordinaci\u00f3n, con actuaciones que suponen una importante<br \/>\nmejora, garantizando entornos m\u00e1s accesibles y adecuados para alumnado y<br \/>\nprofesorado.<\/p>\n<p><strong>El Cabildo Act\u00faa<\/strong><\/p>\n<p>Desde el pasado mes de febrero, un total de 37 personas desempleadas<br \/>\nejecutan estas actuaciones de mejora en m\u00e1s de una treintena de centros<br \/>\neducativos, gracias a una inversi\u00f3n de m\u00e1s de un mill\u00f3n de euros, cofinanciados<br \/>\npor fondos propios del Cabildo de Fuerteventura y recursos del Fondo de<br \/>\nDesarrollo de Canarias (FDCAN).<\/p>\n<p>Actualmente, los trabajos se est\u00e1n desarrollando en los centros<br \/>\nIES Corralejo, CEIP Puerto del Rosario, CEIP Tuineje, CEIP Gran Tarajal, CEIP<br \/>\nLa Lajita y CEIP P\u00e1jara.<\/p>\n<\/div>\n","protected":false},"excerpt":{"rendered":"<p>21 octubre, 2025 Un total de 37 personas desempleadas llevan estas actuaciones a m\u00e1s de una treintena de centros educativos de toda Fuerteventura El Cabildo de Fuerteventura contin\u00faa mejorando y [&hellip;]<\/p>\n","protected":false},"author":1,"featured_media":12683,"comment_status":"open","ping_status":"open","sticky":false,"template":"","format":"standard","meta":{"inline_featured_image":false,"jnews-multi-image_gallery":[],"jnews_single_post":[],"jnews_primary_category":[],"jnews_social_meta":[],"jnews_override_counter":[],"jnews_post_split":[],"footnotes":""},"categories":[58],"tags":[73,82,65],"class_list":["post-12681","post","type-post","status-publish","format-standard","has-post-thumbnail","hentry","category-cabildo","tag-educacion","tag-fuerteventura","tag-municipios"],"jetpack_featured_media_url":"https:\/\/informacionlocal.es\/wp-content\/uploads\/2025\/10\/whatsapp-image-2025-10-21-at-11-54-18.jpeg","_links":{"self":[{"href":"https:\/\/informacionlocal.es\/it\/wp-json\/wp\/v2\/posts\/12681","targetHints":{"allow":["GET"]}}],"collection":[{"href":"https:\/\/informacionlocal.es\/it\/wp-json\/wp\/v2\/posts"}],"about":[{"href":"https:\/\/informacionlocal.es\/it\/wp-json\/wp\/v2\/types\/post"}],"author":[{"embeddable":true,"href":"https:\/\/informacionlocal.es\/it\/wp-json\/wp\/v2\/users\/1"}],"replies":[{"embeddable":true,"href":"https:\/\/informacionlocal.es\/it\/wp-json\/wp\/v2\/comments?post=12681"}],"version-history":[{"count":0,"href":"https:\/\/informacionlocal.es\/it\/wp-json\/wp\/v2\/posts\/12681\/revisions"}],"wp:featuredmedia":[{"embeddable":true,"href":"https:\/\/informacionlocal.es\/it\/wp-json\/wp\/v2\/media\/12683"}],"wp:attachment":[{"href":"https:\/\/informacionlocal.es\/it\/wp-json\/wp\/v2\/media?parent=12681"}],"wp:term":[{"taxonomy":"category","embeddable":true,"href":"https:\/\/informacionlocal.es\/it\/wp-json\/wp\/v2\/categories?post=12681"},{"taxonomy":"post_tag","embeddable":true,"href":"https:\/\/informacionlocal.es\/it\/wp-json\/wp\/v2\/tags?post=12681"}],"curies":[{"name":"wp","href":"https:\/\/api.w.org\/{rel}","templated":true}]}}