{"id":1264,"date":"2025-04-10T17:06:13","date_gmt":"2025-04-10T17:06:13","guid":{"rendered":"https:\/\/informacionlocal.es\/la-oliva-apre-il-periodo-di-candidatura-per-due-delle-sue-sovvenzioni-sportive\/"},"modified":"2025-04-14T10:18:50","modified_gmt":"2025-04-14T10:18:50","slug":"la-oliva-apre-il-periodo-di-candidatura-per-due-delle-sue-sovvenzioni-sportive","status":"publish","type":"post","link":"https:\/\/informacionlocal.es\/it\/la-oliva-apre-il-periodo-di-candidatura-per-due-delle-sue-sovvenzioni-sportive\/","title":{"rendered":"La Oliva apre il periodo di candidatura per due delle sue sovvenzioni sportive."},"content":{"rendered":"<p>Il Comune di La Oliva, attraverso l&#8217;Assessorato allo Sport, sotto il comando di Gleiber Carre\u00f1o, apre il periodo di presentazione delle domande per due delle sue tre linee di sovvenzioni sportive. In questa occasione, gli interessati possono presentare domanda, in primo luogo, per la sovvenzione per l&#8217;organizzazione o la creazione di scuole sportive comunali, un settore al quale verr\u00e0 assegnato un totale di 100.000 euro. Allo stesso tempo, il Consiglio apre il periodo di presentazione delle domande per l&#8217;area eventi sportivi 2025, con un fondo totale di 70.000 euro.    <\/p>\n<p>Il sindaco di La Oliva, Isa\u00ed Blanco, afferma: &#8220;\u00c8 essenziale per noi, da parte dell&#8217;amministrazione, continuare a mostrare il nostro sostegno al settore sportivo comunale. L&#8217;obiettivo continua a essere quello di promuovere l&#8217;attivit\u00e0 sportiva in tutti i settori della popolazione. Dai nostri vicini pi\u00f9 giovani agli anziani, attraverso la promozione dei nostri eventi sportivi di qualit\u00e0, al fine di generare un turismo che non solo viva lo sport a La Oliva, ma che sia anche responsabile nella cura dell&#8217;ambiente&#8221;.  <\/p>\n<p>L&#8217;Assessore allo Sport, Gleiber Carre\u00f1o, afferma: &#8220;Da parte dell&#8217;Assessorato allo Sport continuiamo a sostenere lo sport di base, senza trascurare la qualit\u00e0 e la realizzazione degli eventi sportivi annuali. Queste sovvenzioni sono fondamentali per continuare a progredire nel campo dello sport e della promozione dell&#8217;attivit\u00e0 fisica nel Comune&#8221;.  <\/p>\n<p>La scadenza per la presentazione delle domande e della documentazione \u00e8 fissata al 25 aprile compreso. A questo proposito, gli interessati a richiedere queste borse di studio possono trovare informazioni dettagliate, cos\u00ec come i moduli di domanda e gli allegati, sul sito ufficiale del Municipio di La Oliva: www.laoliva.es. Per chiarire eventuali dubbi o ottenere ulteriori informazioni, \u00e8 possibile rivolgersi al Dipartimento dello Sport del Municipio, situato in C\/ Emilio Castellot, n\u00ba2, La Oliva, oppure telefonare al numero 928.861904, est. 2066 e 2067.  <\/p>\n","protected":false},"excerpt":{"rendered":"<p><span>Il Concistoro dispone di un totale di 170.000 euro in due delle sue tre linee di sovvenzione che sosterranno il settore sportivo del Comune.<\/span><\/p>\n","protected":false},"author":1,"featured_media":628,"comment_status":"open","ping_status":"open","sticky":false,"template":"","format":"standard","meta":{"inline_featured_image":false,"jnews-multi-image_gallery":[],"jnews_single_post":[],"jnews_primary_category":[],"jnews_social_meta":[],"jnews_override_counter":[],"jnews_post_split":[],"footnotes":""},"categories":[292],"tags":[202,224,238,223,235],"class_list":["post-1264","post","type-post","status-publish","format-standard","has-post-thumbnail","hentry","category-la-oliva-it","tag-comuni","tag-cultura-e-tempo-libero","tag-eventi","tag-fuerteventura-it","tag-inviti-a-presentare-candidature"],"jetpack_featured_media_url":"https:\/\/informacionlocal.es\/wp-content\/uploads\/2025\/04\/5180_45588a79.png","_links":{"self":[{"href":"https:\/\/informacionlocal.es\/it\/wp-json\/wp\/v2\/posts\/1264","targetHints":{"allow":["GET"]}}],"collection":[{"href":"https:\/\/informacionlocal.es\/it\/wp-json\/wp\/v2\/posts"}],"about":[{"href":"https:\/\/informacionlocal.es\/it\/wp-json\/wp\/v2\/types\/post"}],"author":[{"embeddable":true,"href":"https:\/\/informacionlocal.es\/it\/wp-json\/wp\/v2\/users\/1"}],"replies":[{"embeddable":true,"href":"https:\/\/informacionlocal.es\/it\/wp-json\/wp\/v2\/comments?post=1264"}],"version-history":[{"count":1,"href":"https:\/\/informacionlocal.es\/it\/wp-json\/wp\/v2\/posts\/1264\/revisions"}],"predecessor-version":[{"id":1834,"href":"https:\/\/informacionlocal.es\/it\/wp-json\/wp\/v2\/posts\/1264\/revisions\/1834"}],"wp:featuredmedia":[{"embeddable":true,"href":"https:\/\/informacionlocal.es\/it\/wp-json\/wp\/v2\/media\/628"}],"wp:attachment":[{"href":"https:\/\/informacionlocal.es\/it\/wp-json\/wp\/v2\/media?parent=1264"}],"wp:term":[{"taxonomy":"category","embeddable":true,"href":"https:\/\/informacionlocal.es\/it\/wp-json\/wp\/v2\/categories?post=1264"},{"taxonomy":"post_tag","embeddable":true,"href":"https:\/\/informacionlocal.es\/it\/wp-json\/wp\/v2\/tags?post=1264"}],"curies":[{"name":"wp","href":"https:\/\/api.w.org\/{rel}","templated":true}]}}