{"id":12623,"date":"2025-10-20T19:58:43","date_gmt":"2025-10-20T18:58:43","guid":{"rendered":"https:\/\/informacionlocal.es\/puerto-del-rosario-conmemora-el-25n-con-un-programa-de-actividades-para-construir-comunidad-frente-a-las-violencias-machistas\/"},"modified":"2025-10-20T19:58:43","modified_gmt":"2025-10-20T18:58:43","slug":"puerto-del-rosario-conmemora-el-25n-con-un-programa-de-actividades-para-construir-comunidad-frente-a-las-violencias-machistas","status":"publish","type":"post","link":"https:\/\/informacionlocal.es\/it\/puerto-del-rosario-conmemora-el-25n-con-un-programa-de-actividades-para-construir-comunidad-frente-a-las-violencias-machistas\/","title":{"rendered":"Puerto del Rosario conmemora el 25N con un programa de actividades para \u201cconstruir comunidad frente a las violencias machistas\u201d"},"content":{"rendered":"<div class=\"entry-content\">\n<ul>\n<li><span><strong>Proyecciones, debates, talleres y charlas a lo largo del mes de noviembre abordar\u00e1n la violencia de g\u00e9nero desde la sensibilizaci\u00f3n, la reflexi\u00f3n y la acci\u00f3n colectiva<\/strong><\/span><\/li>\n<\/ul>\n<p><span><strong>\u00a0<\/strong><\/span><span><strong>En Puerto del Rosario, a 20 de octubre de 2025.-<\/strong> El Ayuntamiento de Puerto del Rosario presenta el programa de actividades con motivo del 25 de noviembre, D\u00eda Internacional para la Eliminaci\u00f3n de la Violencia contra las Mujeres, bajo el lema \u201cConstruyendo comunidad frente a las violencias machistas\u201d, una iniciativa que se desarrollar\u00e1 durante todo el mes de noviembre en colaboraci\u00f3n con la Federaci\u00f3n de Asociaciones de Mujeres Arena y Laurisilva.<\/span><\/p>\n<p><img loading=\"lazy\" decoding=\"async\" loading=\"lazy\" class=\"size-large wp-image-157343 aligncenter\" src=\"https:\/\/informacionlocal.es\/wp-content\/uploads\/2025\/10\/portada-programa-25n_page-0001-724x1024-1.jpg\" width=\"724\" height=\"1024\" title=\"portada-programa-25n_page-0001-724x1024-1\"><\/p>\n<p><span>El programa arranca el martes 4 de noviembre con la proyecci\u00f3n del documental \u201cNagore Laffage\u201d, dirigido por Helena Taberna, en la Casa de la Cultura de Puerto del Rosario, con la presencia de Asun Casasola, madre de Nagore, e integrantes del colectivo feminista Lunes Lilas de Navarra. Una pieza audiovisual que que recuerda un caso que supuso un antes y un despu\u00e9s de la conciencia sobre la violencia machista.<\/span><\/p>\n<p><span>Le seguir\u00e1, el jueves 13 de noviembre, la mesa debate \u201cRedes, G\u00e9nero y Poder: Un an\u00e1lisis cr\u00edtico de la manosfera\u201d, en la que diferentes especialistas reflexionar\u00e1n sobre c\u00f3mo los discursos mis\u00f3ginos y antifeministas se propagan en los entornos digitales.<\/span><\/p>\n<p><span>El jueves 20 de noviembre, el Centro Polivalente de El Charco acoger\u00e1 la tercera edici\u00f3n del taller de camisetas reivindicativas contra la violencia de g\u00e9nero, un espacio creativo y colectivo para elaborar mensajes feministas y simb\u00f3licos en torno al 25N.<\/span><\/p>\n<p><span>Por \u00faltimo, el jueves 27 de noviembre, la psic\u00f3loga Andrea Curbelo impartir\u00e1 la charla-debate \u201c\u00bfSal\u00ed con un narcisista?\u201d, donde se invitar\u00e1 a reflexionar sobre las narrativas en torno a las relaciones afectivas y las distintas formas de violencia emocional. El narcisismo es un t\u00e9rmino que cada vez est\u00e1 m\u00e1s a la orden del d\u00eda y sobre el que la psic\u00f3loga reflexionar\u00e1 junto a las asistentes al acto.<\/span><\/p>\n<div id=\"gallery-1\" class=\"gallery galleryid-157340 gallery-columns-2 gallery-size-full\">\n<dl class=\"gallery-item\">\n<dt class=\"gallery-icon portrait\"><img loading=\"lazy\" decoding=\"async\" width=\"1080\" height=\"1350\" src=\"https:\/\/informacionlocal.es\/wp-content\/uploads\/2025\/10\/carteleria-25n-2025_narcisismo.png\" class=\"attachment-full size-full\" loading=\"lazy\" title=\"carteleria-25n-2025_narcisismo\"><\/dt>\n<\/dl>\n<dl class=\"gallery-item\">\n<dt class=\"gallery-icon portrait\"><img loading=\"lazy\" decoding=\"async\" width=\"1080\" height=\"1350\" src=\"https:\/\/informacionlocal.es\/wp-content\/uploads\/2025\/10\/carteleria-25n-2025_proyeccion-documental.png\" class=\"attachment-full size-full\" loading=\"lazy\" title=\"carteleria-25n-2025_proyeccion-documental\"><\/dt>\n<\/dl>\n<p><\/p>\n<dl class=\"gallery-item\">\n<dt class=\"gallery-icon portrait\"><img loading=\"lazy\" decoding=\"async\" width=\"1080\" height=\"1350\" src=\"https:\/\/informacionlocal.es\/wp-content\/uploads\/2025\/10\/carteleria-25n-2025_camisetas-reivindicativas.png\" class=\"attachment-full size-full\" loading=\"lazy\" title=\"carteleria-25n-2025_camisetas-reivindicativas\"><\/dt>\n<\/dl>\n<dl class=\"gallery-item\">\n<dt class=\"gallery-icon portrait\"><img loading=\"lazy\" decoding=\"async\" width=\"1080\" height=\"1350\" src=\"https:\/\/informacionlocal.es\/wp-content\/uploads\/2025\/10\/carteleria-25n-2025_mesa-debate.png\" class=\"attachment-full size-full\" loading=\"lazy\" title=\"carteleria-25n-2025_mesa-debate\"><\/dt>\n<\/dl>\n<p><\/div>\n<p><span>El alcalde de Puerto del Rosario, David de Vera, subray\u00f3 que \u201ceste programa no solo pretende sensibilizar, sino tambi\u00e9n fortalecer la red comunitaria frente a cualquier forma de violencia. Hablar, reflexionar y compartir experiencias es esencial para construir un municipio m\u00e1s justo y emp\u00e1tico\u201d.<\/span><\/p>\n<p><span>Por su parte, la concejala de Igualdad, Tacoremi Guti\u00e9rrez, destac\u00f3 que \u201chemos querido dise\u00f1ar un programa que combine la mirada cr\u00edtica, el an\u00e1lisis social y los espacios de encuentro. La lucha contra la violencia machista necesita di\u00e1logo, participaci\u00f3n y comunidad, y por eso cada una de estas actividades tiene un sentido propio dentro del proceso de concienciaci\u00f3n\u201d.<\/span><\/p>\n<p><span>Guti\u00e9rrez agradeci\u00f3 adem\u00e1s la implicaci\u00f3n de los colectivos y profesionales que colaboran en la iniciativa, as\u00ed como de los centros educativos del municipio que participaron en el concurso de dibujo \u201cArte por la Equidad\u201d, dirigido a j\u00f3venes de entre 14 y 18 a\u00f1os, y cuyo trabajo ganador realizado por Alisson Rihana Rivera ha sido elegido como imagen del programa de este a\u00f1o.<\/span><\/p>\n<p><img loading=\"lazy\" decoding=\"async\" loading=\"lazy\" class=\"size-large wp-image-157348 aligncenter\" src=\"https:\/\/informacionlocal.es\/wp-content\/uploads\/2025\/10\/presentacion-actos-25-n-1024x768-1.jpeg\" width=\"1024\" height=\"768\" title=\"presentacion-actos-25-n-1024x768-1\"><\/p>\n<p><span>Todas las actividades son gratuitas, con plazas limitadas y requieren inscripci\u00f3n previa a trav\u00e9s del c\u00f3digo QR disponible en los carteles o contactando con la Federaci\u00f3n de Asociaciones de Mujeres Arena y Laurisilva (tel\u00e9fonos 928 040 086 \/ 673 847 887 o correo mujeresftvaarenaylaurisilva.org).<\/span><\/p>\n<p><span><strong>PROGRAMA 25N 2025<\/strong><\/span><\/p>\n<\/div>\n","protected":false},"excerpt":{"rendered":"<p>Proyecciones, debates, talleres y charlas a lo largo del mes de noviembre abordar\u00e1n la violencia de g\u00e9nero desde la sensibilizaci\u00f3n, la reflexi\u00f3n y la acci\u00f3n colectiva \u00a0En Puerto del Rosario, [&hellip;]<\/p>\n","protected":false},"author":1,"featured_media":12625,"comment_status":"open","ping_status":"open","sticky":false,"template":"","format":"standard","meta":{"inline_featured_image":false,"jnews-multi-image_gallery":[],"jnews_single_post":[],"jnews_primary_category":[],"jnews_social_meta":[],"jnews_override_counter":[],"jnews_post_split":[],"footnotes":""},"categories":[61],"tags":[],"class_list":["post-12623","post","type-post","status-publish","format-standard","has-post-thumbnail","hentry","category-puerto-del-rosario"],"jetpack_featured_media_url":"https:\/\/informacionlocal.es\/wp-content\/uploads\/2025\/10\/presentacion-actos-25n.png","_links":{"self":[{"href":"https:\/\/informacionlocal.es\/it\/wp-json\/wp\/v2\/posts\/12623","targetHints":{"allow":["GET"]}}],"collection":[{"href":"https:\/\/informacionlocal.es\/it\/wp-json\/wp\/v2\/posts"}],"about":[{"href":"https:\/\/informacionlocal.es\/it\/wp-json\/wp\/v2\/types\/post"}],"author":[{"embeddable":true,"href":"https:\/\/informacionlocal.es\/it\/wp-json\/wp\/v2\/users\/1"}],"replies":[{"embeddable":true,"href":"https:\/\/informacionlocal.es\/it\/wp-json\/wp\/v2\/comments?post=12623"}],"version-history":[{"count":0,"href":"https:\/\/informacionlocal.es\/it\/wp-json\/wp\/v2\/posts\/12623\/revisions"}],"wp:featuredmedia":[{"embeddable":true,"href":"https:\/\/informacionlocal.es\/it\/wp-json\/wp\/v2\/media\/12625"}],"wp:attachment":[{"href":"https:\/\/informacionlocal.es\/it\/wp-json\/wp\/v2\/media?parent=12623"}],"wp:term":[{"taxonomy":"category","embeddable":true,"href":"https:\/\/informacionlocal.es\/it\/wp-json\/wp\/v2\/categories?post=12623"},{"taxonomy":"post_tag","embeddable":true,"href":"https:\/\/informacionlocal.es\/it\/wp-json\/wp\/v2\/tags?post=12623"}],"curies":[{"name":"wp","href":"https:\/\/api.w.org\/{rel}","templated":true}]}}