{"id":12587,"date":"2025-10-20T12:58:21","date_gmt":"2025-10-20T11:58:21","guid":{"rendered":"https:\/\/informacionlocal.es\/exito-de-organizacion-participacion-y-entusiasmo-en-el-copa-canarias-kayak-y-el-encuentro-de-kayak-fuerteventura\/"},"modified":"2025-10-20T12:58:21","modified_gmt":"2025-10-20T11:58:21","slug":"exito-de-organizacion-participacion-y-entusiasmo-en-el-copa-canarias-kayak-y-el-encuentro-de-kayak-fuerteventura","status":"publish","type":"post","link":"https:\/\/informacionlocal.es\/it\/exito-de-organizacion-participacion-y-entusiasmo-en-el-copa-canarias-kayak-y-el-encuentro-de-kayak-fuerteventura\/","title":{"rendered":"\u00c9xito de organizacion, participaci\u00f3n y entusiasmo en el Copa Canarias Kayak y el Encuentro de Kayak Fuerteventura"},"content":{"rendered":"<div class=\"elementor-widget-container\">\n<div class data-block=\"true\" data-editor=\"pgcq\" data-offset-key=\"ebbad-0-0\">\n<div class=\"_1mf _1mj\" data-offset-key=\"ebbad-0-0\"><strong>\u00c9xito de organizacion, participaci\u00f3n y entusiasmo en el Copa Canarias Kayak y el Encuentro de Kayak Fuerteventura este fin de semana en Caleta de Fuste<\/strong><\/div>\n<\/div>\n<div class data-block=\"true\" data-editor=\"pgcq\" data-offset-key=\"8slma-0-0\">\n<div class=\"_1mf _1mj\" data-offset-key=\"8slma-0-0\"><strong>El alcalde de Antigua, Mat\u00edas Pe\u00f1a, felicita al Maho Kayak y el alto nivel demostrado por sus j\u00f3venes organizadores que reunier\u00f3n cerca de 300 personas en Caleta de Fuste, entre deportistas, familias y afici\u00f3n.<\/strong><\/div>\n<\/div>\n<div class data-block=\"true\" data-editor=\"pgcq\" data-offset-key=\"275g4-0-0\">\n<div class=\"_1mf _1mj\" data-offset-key=\"275g4-0-0\"><span data-offset-key=\"275g4-0-0\">El concejal de Deportes Samuel Torres agradeci\u00f3 el reconocimiento al Ayuntamiento de Antigua, que no duden, afirmaba, no dejara de apoyarles como hasta la fecha con la log\u00edstica, permisos y la financiaci\u00f3n en subvenciones que precisen. Gracias por hacer que Caleta de Fuste sea un referente del Kayak en la isla y en Canarias.<\/span><\/div>\n<\/div>\n<div class data-block=\"true\" data-editor=\"pgcq\" data-offset-key=\"34d7j-0-0\">\n<div class=\"_1mf _1mj\" data-offset-key=\"34d7j-0-0\"><span data-offset-key=\"34d7j-0-0\">Los campeons absolutos por la general fueron en este orden, Tanaus\u00fa P\u00e9rez del club Kayaklava de Lanzarote, Felipe C\u00e1ceres de Fuertekayak y Borja P\u00e9rez del Maho Kayak, y los campeones del Cmapeonato de Fuerteventura fueron en este orden, P\u00e9rez del Kayaklava, Jos\u00e9 Santana y Cristian Dangel, ambos del Maho Kayak.<\/span><\/div>\n<\/div>\n<\/div>\n","protected":false},"excerpt":{"rendered":"<p>\u00c9xito de organizacion, participaci\u00f3n y entusiasmo en el Copa Canarias Kayak y el Encuentro de Kayak Fuerteventura este fin de semana en Caleta de Fuste El alcalde de Antigua, Mat\u00edas [&hellip;]<\/p>\n","protected":false},"author":1,"featured_media":12589,"comment_status":"open","ping_status":"open","sticky":false,"template":"","format":"standard","meta":{"inline_featured_image":false,"jnews-multi-image_gallery":[],"jnews_single_post":[],"jnews_primary_category":[],"jnews_social_meta":[],"jnews_override_counter":[],"jnews_post_split":[],"footnotes":""},"categories":[59],"tags":[310,82],"class_list":["post-12587","post","type-post","status-publish","format-standard","has-post-thumbnail","hentry","category-antigua","tag-deportes","tag-fuerteventura"],"jetpack_featured_media_url":"https:\/\/informacionlocal.es\/wp-content\/uploads\/2025\/10\/campeones-de-la-general.jpg","_links":{"self":[{"href":"https:\/\/informacionlocal.es\/it\/wp-json\/wp\/v2\/posts\/12587","targetHints":{"allow":["GET"]}}],"collection":[{"href":"https:\/\/informacionlocal.es\/it\/wp-json\/wp\/v2\/posts"}],"about":[{"href":"https:\/\/informacionlocal.es\/it\/wp-json\/wp\/v2\/types\/post"}],"author":[{"embeddable":true,"href":"https:\/\/informacionlocal.es\/it\/wp-json\/wp\/v2\/users\/1"}],"replies":[{"embeddable":true,"href":"https:\/\/informacionlocal.es\/it\/wp-json\/wp\/v2\/comments?post=12587"}],"version-history":[{"count":0,"href":"https:\/\/informacionlocal.es\/it\/wp-json\/wp\/v2\/posts\/12587\/revisions"}],"wp:featuredmedia":[{"embeddable":true,"href":"https:\/\/informacionlocal.es\/it\/wp-json\/wp\/v2\/media\/12589"}],"wp:attachment":[{"href":"https:\/\/informacionlocal.es\/it\/wp-json\/wp\/v2\/media?parent=12587"}],"wp:term":[{"taxonomy":"category","embeddable":true,"href":"https:\/\/informacionlocal.es\/it\/wp-json\/wp\/v2\/categories?post=12587"},{"taxonomy":"post_tag","embeddable":true,"href":"https:\/\/informacionlocal.es\/it\/wp-json\/wp\/v2\/tags?post=12587"}],"curies":[{"name":"wp","href":"https:\/\/api.w.org\/{rel}","templated":true}]}}