{"id":12581,"date":"2025-10-20T11:58:24","date_gmt":"2025-10-20T10:58:24","guid":{"rendered":"https:\/\/informacionlocal.es\/el-teatro-llega-a-la-feria-del-libro-con-en-mitad-de-tanto-fuego-de-alberto-conejero\/"},"modified":"2025-10-20T11:58:24","modified_gmt":"2025-10-20T10:58:24","slug":"el-teatro-llega-a-la-feria-del-libro-con-en-mitad-de-tanto-fuego-de-alberto-conejero","status":"publish","type":"post","link":"https:\/\/informacionlocal.es\/it\/el-teatro-llega-a-la-feria-del-libro-con-en-mitad-de-tanto-fuego-de-alberto-conejero\/","title":{"rendered":"El teatro llega a la Feria del Libro con \u2018En mitad de tanto fuego\u2019 de Alberto Conejero"},"content":{"rendered":"<div class=\"entry-content\"><strong>20 octubre, 2025<\/strong><\/p>\n<p><em><strong>La obra, con varios premios desde su estreno, se podr\u00e1 ver el s\u00e1bado 25 de octubre a las 21.30 horas<\/strong><\/em><\/p>\n<p>Tras su paso por Sagunt a escena, en Valencia, y el Grec, el festival de Barcelona, el p\u00fablico majorero podr\u00e1 ver el mon\u00f3logo \u2018En mitad de tanto\u2019 fuego\u2019, inspirado en La \u2018Il\u00edada\u2019 de Homero e interpretada por Rub\u00e9n de Egu\u00eda en la Feria del Libro de Fuerteventura.<\/p>\n<p>La obra se representar\u00e1 el s\u00e1bado 25 de octubre, a las 21.30 horas, en la Sala Sinf\u00f3nica del Palacio de Formaci\u00f3n y Congresos. La entrada es gratuita previa reserva de fianza de 10 euros en\u00a0culturafuerteventura.es<\/p>\n<p>Deseo, guerra, deserci\u00f3n, poder, violencia, patria\u2026 Alberto Conejero comparte con el p\u00fablico la belleza, el misterio y la oscuridad de un poema \u00e9pico a trav\u00e9s del cual dialoga con la condici\u00f3n humana y enlaza \u00e9pocas diversas. Combina voces del pasado y del presente. Lo hace a partir del personaje de Patroclo, compa\u00f1ero de armas de Aquiles.<\/p>\n<p>Esta versi\u00f3n libre del cl\u00e1sico de Homero est\u00e1 escrita por Alberto Conejero, dirigida por Xavier Alberti e interpretada por Rub\u00e9n de Egu\u00eda.<\/p>\n<p>A partir de \u2018La Il\u00edada\u2019 de Homero, \u2018En Mitad de tanto fuego\u2019 es un alegato contra todas las guerras, un grito atemporal al amor, la alteridad, la amistad y la paz.<\/p>\n<p>Esta versi\u00f3n del cl\u00e1sico, con m\u00e1s vigencia en la actualidad que nunca, se estren\u00f3 en Barcelona en julio de 2023 y desde entonces ha obtenido el reconocimiento de cr\u00edtica especializada y el p\u00fablico.<\/p>\n<p>Premio Godot 2024 a Mejor Autor\u00eda; Premio Godot 2024 a Mejor Actor; finalista al premio Max 2024 o Mejor espect\u00e1culo Internacional Premio Diario La Verdad en el 53 Festival de Teatro de San Javier 2023 son algunos de los reconocimientos que ha recibido desde su estreno.<\/p>\n<p>La Feria del Libro est\u00e1 organizada por el Centro Bibliotecario Insular, dependiente de la Consejer\u00eda de Cultura del Cabildo de Fuerteventura, y cuenta con la colaboraci\u00f3n del Instituto Canario de Desarrollo Cultural del Gobierno de Canarias.<\/p>\n<\/div>\n","protected":false},"excerpt":{"rendered":"<p>20 octubre, 2025 La obra, con varios premios desde su estreno, se podr\u00e1 ver el s\u00e1bado 25 de octubre a las 21.30 horas Tras su paso por Sagunt a escena, [&hellip;]<\/p>\n","protected":false},"author":1,"featured_media":12583,"comment_status":"open","ping_status":"open","sticky":false,"template":"","format":"standard","meta":{"inline_featured_image":false,"jnews-multi-image_gallery":[],"jnews_single_post":[],"jnews_primary_category":[],"jnews_social_meta":[],"jnews_override_counter":[],"jnews_post_split":[],"footnotes":""},"categories":[58],"tags":[82],"class_list":["post-12581","post","type-post","status-publish","format-standard","has-post-thumbnail","hentry","category-cabildo","tag-fuerteventura"],"jetpack_featured_media_url":"https:\/\/informacionlocal.es\/wp-content\/uploads\/2025\/10\/559955170_1467277384759572_426884594767519716_n.jpg","_links":{"self":[{"href":"https:\/\/informacionlocal.es\/it\/wp-json\/wp\/v2\/posts\/12581","targetHints":{"allow":["GET"]}}],"collection":[{"href":"https:\/\/informacionlocal.es\/it\/wp-json\/wp\/v2\/posts"}],"about":[{"href":"https:\/\/informacionlocal.es\/it\/wp-json\/wp\/v2\/types\/post"}],"author":[{"embeddable":true,"href":"https:\/\/informacionlocal.es\/it\/wp-json\/wp\/v2\/users\/1"}],"replies":[{"embeddable":true,"href":"https:\/\/informacionlocal.es\/it\/wp-json\/wp\/v2\/comments?post=12581"}],"version-history":[{"count":0,"href":"https:\/\/informacionlocal.es\/it\/wp-json\/wp\/v2\/posts\/12581\/revisions"}],"wp:featuredmedia":[{"embeddable":true,"href":"https:\/\/informacionlocal.es\/it\/wp-json\/wp\/v2\/media\/12583"}],"wp:attachment":[{"href":"https:\/\/informacionlocal.es\/it\/wp-json\/wp\/v2\/media?parent=12581"}],"wp:term":[{"taxonomy":"category","embeddable":true,"href":"https:\/\/informacionlocal.es\/it\/wp-json\/wp\/v2\/categories?post=12581"},{"taxonomy":"post_tag","embeddable":true,"href":"https:\/\/informacionlocal.es\/it\/wp-json\/wp\/v2\/tags?post=12581"}],"curies":[{"name":"wp","href":"https:\/\/api.w.org\/{rel}","templated":true}]}}