{"id":12527,"date":"2025-10-17T13:58:25","date_gmt":"2025-10-17T12:58:25","guid":{"rendered":"https:\/\/informacionlocal.es\/el-cabildo-de-fuerteventura-lanza-la-iv-edicion-de-yo-compro-en-fuerteventura-2025\/"},"modified":"2025-10-17T13:58:25","modified_gmt":"2025-10-17T12:58:25","slug":"el-cabildo-de-fuerteventura-lanza-la-iv-edicion-de-yo-compro-en-fuerteventura-2025","status":"publish","type":"post","link":"https:\/\/informacionlocal.es\/it\/el-cabildo-de-fuerteventura-lanza-la-iv-edicion-de-yo-compro-en-fuerteventura-2025\/","title":{"rendered":"El Cabildo de Fuerteventura lanza la IV edici\u00f3n de \u2018Yo compro en Fuerteventura 2025\u2019"},"content":{"rendered":"<div class=\"entry-content\"><strong>17 octubre, 2025<\/strong><\/p>\n<p><strong><em>Los establecimientos interesados en participar ya pueden inscribirse en\u00a0<\/em><\/strong><strong><em>www.yocomproenfuerteventura.com<\/em><\/strong><\/p>\n<p>El Cabildo de Fuerteventura, a trav\u00e9s de la Consejer\u00eda de Comercio que dirige Lolina Negr\u00edn, pone en marcha la cuarta edici\u00f3n de la campa\u00f1a \u2018Yo compro en Fuerteventura\u2019, en colaboraci\u00f3n con la Federaci\u00f3n de \u00c1reas Urbanas de Canarias (FAUCA).<\/p>\n<p>Seg\u00fan ha explicado la consejera Lolina Negr\u00edn, el Cabildo destina 400.000 euros a la puesta en marcha de \u2018Yo Compro en Fuerteventura\u2019, con un sistema de incentivos que promueve el consumo responsable y cercano, con el objetivo de seguir apoyando la actividad econ\u00f3mica de la Isla.<\/p>\n<p>\u2018Yo compro en Fuerteventura\u2019 ofrece la oportunidad de adquirir bonos de consumo por valor de 20 euros, de los cuales el consumidor abonar\u00e1 \u00fanicamente la mitad, estando los 10 euros restantes financiados a trav\u00e9s del programa. \u201cEsto permitir\u00e1 un ahorro de 50% para todas las personas que consuman en los establecimientos adheridos\u201d, apunt\u00f3 la consejera insular.<\/p>\n<p>Negr\u00edn anim\u00f3 a todos los establecimientos interesados a inscribirse a trav\u00e9s de la p\u00e1gina\u00a0www.yocomproenfuerteventura.com. Los bonos estar\u00e1n disponibles para los consumidores a partir del 4 de noviembre. Cada persona podr\u00e1 obtener hasta un m\u00e1ximo de 15 bonos, lo que supone una excelente oportunidad para las familias.<\/p>\n<p>En la presentaci\u00f3n de la campa\u00f1a ha estado presente, adem\u00e1s, la consejera de Promoci\u00f3n Econ\u00f3mica, Nuria Cabrera, quien puso en valor \u201cuna campa\u00f1a que se consolida como herramienta eficaz para dinamizar la econom\u00eda insular, reforzar nuestras PYMES y fomentar el consumo local en Fuerteventura\u201d.<\/p>\n<p>Por su parte, el presidente de Fauca, Abbas Moujir, felicit\u00f3 a la Consejer\u00eda de Comercio del Cabildo por una campa\u00f1a que ha ido creciendo: \u201cen la \u00faltima participaron 223 comercios\u201d. En esta ocasi\u00f3n \u201cse ponen a la venta m\u00e1s de 31.700 bonos, lo que se traduce en una inyecci\u00f3n de 742.000 euros en la econom\u00eda de Fuerteventura\u201d.<\/p>\n<p>Asistieron, asimismo, la concejala de Comercio del Ayuntamiento de Tuineje, Evelyn P\u00e9rez, el presidente de la C\u00e1mara de Comercio de Fuerteventura, Juan Jes\u00fas Rodr\u00edguez Marichal, y representantes de la Asociaci\u00f3n de Empresarios de Puerto del Rosario, Asociaci\u00f3n Comercial, Empresarial y Profesional del Norte (Empronor), Asociaci\u00f3n de Empresarios y Comerciantes de Antigua (Aecca), Asociaci\u00f3n de la Peque\u00f1a y Mediana Empresa de Tuineje (La Gavia).<\/p>\n<\/div>\n","protected":false},"excerpt":{"rendered":"<p>17 octubre, 2025 Los establecimientos interesados en participar ya pueden inscribirse en\u00a0www.yocomproenfuerteventura.com El Cabildo de Fuerteventura, a trav\u00e9s de la Consejer\u00eda de Comercio que dirige Lolina Negr\u00edn, pone en marcha [&hellip;]<\/p>\n","protected":false},"author":1,"featured_media":12529,"comment_status":"open","ping_status":"open","sticky":false,"template":"","format":"standard","meta":{"inline_featured_image":false,"jnews-multi-image_gallery":[],"jnews_single_post":[],"jnews_primary_category":[],"jnews_social_meta":[],"jnews_override_counter":[],"jnews_post_split":[],"footnotes":""},"categories":[58],"tags":[367,82,406],"class_list":["post-12527","post","type-post","status-publish","format-standard","has-post-thumbnail","hentry","category-cabildo","tag-comercio","tag-fuerteventura","tag-promocion-economica"],"jetpack_featured_media_url":"https:\/\/informacionlocal.es\/wp-content\/uploads\/2025\/10\/1760699672-be0f5a11c645835c97048a8333977f44.jpg","_links":{"self":[{"href":"https:\/\/informacionlocal.es\/it\/wp-json\/wp\/v2\/posts\/12527","targetHints":{"allow":["GET"]}}],"collection":[{"href":"https:\/\/informacionlocal.es\/it\/wp-json\/wp\/v2\/posts"}],"about":[{"href":"https:\/\/informacionlocal.es\/it\/wp-json\/wp\/v2\/types\/post"}],"author":[{"embeddable":true,"href":"https:\/\/informacionlocal.es\/it\/wp-json\/wp\/v2\/users\/1"}],"replies":[{"embeddable":true,"href":"https:\/\/informacionlocal.es\/it\/wp-json\/wp\/v2\/comments?post=12527"}],"version-history":[{"count":0,"href":"https:\/\/informacionlocal.es\/it\/wp-json\/wp\/v2\/posts\/12527\/revisions"}],"wp:featuredmedia":[{"embeddable":true,"href":"https:\/\/informacionlocal.es\/it\/wp-json\/wp\/v2\/media\/12529"}],"wp:attachment":[{"href":"https:\/\/informacionlocal.es\/it\/wp-json\/wp\/v2\/media?parent=12527"}],"wp:term":[{"taxonomy":"category","embeddable":true,"href":"https:\/\/informacionlocal.es\/it\/wp-json\/wp\/v2\/categories?post=12527"},{"taxonomy":"post_tag","embeddable":true,"href":"https:\/\/informacionlocal.es\/it\/wp-json\/wp\/v2\/tags?post=12527"}],"curies":[{"name":"wp","href":"https:\/\/api.w.org\/{rel}","templated":true}]}}