{"id":1250,"date":"2025-04-10T16:58:34","date_gmt":"2025-04-10T16:58:34","guid":{"rendered":"https:\/\/informacionlocal.es\/la-oliva-celebra-la-settimana-santa-a-el-cotillo-con-il-consueto-evento-culturale\/"},"modified":"2025-04-14T10:17:35","modified_gmt":"2025-04-14T10:17:35","slug":"la-oliva-celebra-la-settimana-santa-a-el-cotillo-con-il-consueto-evento-culturale","status":"publish","type":"post","link":"https:\/\/informacionlocal.es\/it\/la-oliva-celebra-la-settimana-santa-a-el-cotillo-con-il-consueto-evento-culturale\/","title":{"rendered":"La Oliva celebra la Settimana Santa a El Cotillo con il consueto evento culturale."},"content":{"rendered":"<p>Il Comune di La Oliva presenta, attraverso l&#8217;Assessorato alla Cultura, diretto da David Hern\u00e1ndez, e la collaborazione dell&#8217;Assessorato alla Cultura del Consiglio dell&#8217;Isola di Fuerteventura, sotto il comando di Rayco Le\u00f3n, l&#8217;agenda culturale prevista per la celebrazione della Pasqua a El Cotillo. Il 17 e 18 aprile, la piazza vecchia del paese ospiter\u00e0 il Festival Sonido Costero, meglio conosciuto come SOCO, un evento culturale musicale organizzato dall&#8217;Associazione Fondazione Analogica, giunto alla sua 14\u00aa edizione. L&#8217;evento ha raggiunto una grande rilevanza all&#8217;interno e all&#8217;esterno della nostra isola, diventando un concerto a cui molti artisti canari mostrano un crescente interesse a partecipare.  <\/p>\n<p>In questa edizione avremo artisti di diversi generi come Zamundace &#8211; Delaweapon &amp; Once, Supawayah, Africa Yeah (Lanzarote), Bs &amp; Bongo Tree, Eypril (El Cotillo), Brando Chivato (Italia, La Oliva), Papaya Subtropical Sudakita y El Yeye, Fran Baraja (Tenerife) e Dj Kamisetas (Lanzarote).  <\/p>\n<p>Il sindaco di La Oliva, Isa\u00ed Blanco, afferma: &#8220;Il Comune celebra, ancora una volta, la sua Semana Santa nel villaggio di El Cotillo. \u00c8 un&#8217;ottima occasione per i vicini e i visitatori di La Oliva di venire in citt\u00e0 per godere della buona musica e delle altre attivit\u00e0 culturali che saranno apprezzate da tutti i partecipanti&#8221;.  <\/p>\n<p>Da parte sua, l&#8217;Assessore alla Cultura, David Hern\u00e1ndez, ha dichiarato: &#8220;Siamo orgogliosi di collaborare ancora un anno con un festival come SOCO, visto che l&#8217;evento \u00e8 riuscito a consolidarsi tra i locali e i visitatori, arrivando a celebrare la sua 14\u00aa edizione. Da parte dell&#8217;Assessorato vi invitiamo a venire a godervi la Pasqua con noi a questo incontro dove la musica alternativa allieter\u00e0 la serata di questi giorni&#8221;.<\/p>\n<p>A sua volta, l&#8217;Assessore alla Cultura del Consiglio dell&#8217;Isola, Rayco Le\u00f3n, aggiunge: &#8220;Il festival SOCO \u00e8 riuscito a consolidarsi nell&#8217;ambito di El Cotillo, con una proposta diversa che dobbiamo continuare a sostenere da parte del Cabildo di Fuerteventura, promuovendo cos\u00ec la diversit\u00e0 degli stili e sostenendo, allo stesso tempo, i gruppi che compongono la scena musicale dell&#8217;isola&#8221;.  <\/p>\n<p>Oltre a questo programma, il 19 aprile si terr\u00e0 la Festa della Semana Santa nella piazza pubblica di El Cotillo. A partire dalle 17.00, la citt\u00e0 ospiter\u00e0 un laboratorio di danze e percussioni tradizionali africane della parte centro-occidentale del continente africano, mentre dalle 20.00 inizier\u00e0 una grande serata con i gruppi Que Chimba, Aseres, Grupo Bomba e Grupo Arena. <\/p>\n","protected":false},"excerpt":{"rendered":"<p><span>Il Concistoro presenta una ricca agenda culturale con il gi\u00e0 consolidato festival SOCO e il Festival di Pasqua.<\/span><\/p>\n","protected":false},"author":1,"featured_media":619,"comment_status":"open","ping_status":"open","sticky":false,"template":"","format":"standard","meta":{"inline_featured_image":false,"jnews-multi-image_gallery":[],"jnews_single_post":[],"jnews_primary_category":[],"jnews_social_meta":[],"jnews_override_counter":[],"jnews_post_split":[],"footnotes":""},"categories":[289],"tags":[202,224,238,223],"class_list":["post-1250","post","type-post","status-publish","format-standard","has-post-thumbnail","hentry","category-cabildo-it","tag-comuni","tag-cultura-e-tempo-libero","tag-eventi","tag-fuerteventura-it"],"jetpack_featured_media_url":"https:\/\/informacionlocal.es\/wp-content\/uploads\/2025\/04\/5181_6bf72445.png","_links":{"self":[{"href":"https:\/\/informacionlocal.es\/it\/wp-json\/wp\/v2\/posts\/1250","targetHints":{"allow":["GET"]}}],"collection":[{"href":"https:\/\/informacionlocal.es\/it\/wp-json\/wp\/v2\/posts"}],"about":[{"href":"https:\/\/informacionlocal.es\/it\/wp-json\/wp\/v2\/types\/post"}],"author":[{"embeddable":true,"href":"https:\/\/informacionlocal.es\/it\/wp-json\/wp\/v2\/users\/1"}],"replies":[{"embeddable":true,"href":"https:\/\/informacionlocal.es\/it\/wp-json\/wp\/v2\/comments?post=1250"}],"version-history":[{"count":1,"href":"https:\/\/informacionlocal.es\/it\/wp-json\/wp\/v2\/posts\/1250\/revisions"}],"predecessor-version":[{"id":1804,"href":"https:\/\/informacionlocal.es\/it\/wp-json\/wp\/v2\/posts\/1250\/revisions\/1804"}],"wp:featuredmedia":[{"embeddable":true,"href":"https:\/\/informacionlocal.es\/it\/wp-json\/wp\/v2\/media\/619"}],"wp:attachment":[{"href":"https:\/\/informacionlocal.es\/it\/wp-json\/wp\/v2\/media?parent=1250"}],"wp:term":[{"taxonomy":"category","embeddable":true,"href":"https:\/\/informacionlocal.es\/it\/wp-json\/wp\/v2\/categories?post=1250"},{"taxonomy":"post_tag","embeddable":true,"href":"https:\/\/informacionlocal.es\/it\/wp-json\/wp\/v2\/tags?post=1250"}],"curies":[{"name":"wp","href":"https:\/\/api.w.org\/{rel}","templated":true}]}}