{"id":12479,"date":"2025-10-16T15:58:23","date_gmt":"2025-10-16T14:58:23","guid":{"rendered":"https:\/\/informacionlocal.es\/puerto-del-rosario-se-suma-al-dia-de-la-concienciacion-sobre-el-paro-cardiaco-para-promover-la-actuacion-rapida-ante-emergencias\/"},"modified":"2025-10-16T15:58:23","modified_gmt":"2025-10-16T14:58:23","slug":"puerto-del-rosario-se-suma-al-dia-de-la-concienciacion-sobre-el-paro-cardiaco-para-promover-la-actuacion-rapida-ante-emergencias","status":"publish","type":"post","link":"https:\/\/informacionlocal.es\/it\/puerto-del-rosario-se-suma-al-dia-de-la-concienciacion-sobre-el-paro-cardiaco-para-promover-la-actuacion-rapida-ante-emergencias\/","title":{"rendered":"Puerto del Rosario se suma al D\u00eda de la Concienciaci\u00f3n sobre el Paro Card\u00edaco para promover la actuaci\u00f3n r\u00e1pida ante emergencias"},"content":{"rendered":"<div class=\"entry-content\">\n<ul>\n<li><span><strong>Desde el consistorio capitalino se<\/strong><strong>destaca la importancia de la formaci\u00f3n en maniobras de reanimaci\u00f3n para salvar vidas<\/strong><strong>\u00a0<\/strong><\/span><\/li>\n<\/ul>\n<p><span><strong>En Puerto del Rosario, a 16 de octubre de 2025.-<\/strong> Cada a\u00f1o, miles de personas pierden la vida de forma repentina a causa de un paro card\u00edaco, una emergencia que puede ocurrir en cualquier momento y lugar. Con motivo del D\u00eda de la Concienciaci\u00f3n sobre el Paro Card\u00edaco, que se conmemora cada 16 de octubre, el Ayuntamiento de Puerto del Rosario se ha sumado a las actividades organizadas por el CIFP Majada Marcial y la Escuela de Servicios Sanitarios y Sociales de Canarias (ESSSCAN) para visibilizar la importancia de actuar con rapidez ante este tipo de emergencias.<\/span><\/p>\n<p><span>Durante la jornada, se llevaron a cabo talleres pr\u00e1cticos de reanimaci\u00f3n cardiopulmonar (RCP) dirigidos a estudiantes y ciudadan\u00eda, con la participaci\u00f3n del director del Servicio Canario de Salud, Tom\u00e1s P\u00e9rez, as\u00ed como del personal sanitario del \u00c1rea de Salud de Fuerteventura.<\/span><\/p>\n<p><img loading=\"lazy\" decoding=\"async\" loading=\"lazy\" class=\"size-large wp-image-157311 aligncenter\" src=\"https:\/\/informacionlocal.es\/wp-content\/uploads\/2025\/10\/concienciacion-paro-cardiaco-5-1024x768-1.jpeg\" width=\"1024\" height=\"768\" title=\"concienciacion-paro-cardiaco-5-1024x768-1\"><\/p>\n<p><span>El alcalde de Puerto del Rosario, David de Vera, destac\u00f3 que \u201cdesde el Ayuntamiento trabajamos para fomentar la formaci\u00f3n ciudadana en primeros auxilios, porque la preparaci\u00f3n puede marcar la diferencia en una situaci\u00f3n cr\u00edtica. Es fundamental que todos sepamos c\u00f3mo reaccionar y que la prevenci\u00f3n y la informaci\u00f3n est\u00e9n al alcance de toda la poblaci\u00f3n\u201d.<\/span><\/p>\n<p><img loading=\"lazy\" decoding=\"async\" loading=\"lazy\" class=\"size-large wp-image-157312 aligncenter\" src=\"https:\/\/informacionlocal.es\/wp-content\/uploads\/2025\/10\/concienciacion-paro-cardiaco-3-1024x768-1.jpeg\" width=\"1024\" height=\"768\" title=\"concienciacion-paro-cardiaco-3-1024x768-1\"><\/p>\n<p><span>Por su parte, la concejala de Salud P\u00fablica, Rosa Rodr\u00edguez, se\u00f1al\u00f3 que \u201cel D\u00eda de la Concienciaci\u00f3n sobre el Paro Card\u00edaco busca recordar la importancia de actuar con rapidez ante una emergencia card\u00edaca. Reconocer los signos y saber realizar la reanimaci\u00f3n puede marcar la diferencia entre la vida y la muerte. Cada minuto cuenta para salvar vidas\u201d.<\/span><\/p>\n<p><img loading=\"lazy\" decoding=\"async\" loading=\"lazy\" class=\"size-large wp-image-157314 aligncenter\" src=\"https:\/\/informacionlocal.es\/wp-content\/uploads\/2025\/10\/concienciacion-paro-cardiaco-4-1024x768-1.jpeg\" width=\"1024\" height=\"768\" title=\"concienciacion-paro-cardiaco-4-1024x768-1\"><\/p>\n<p><span>El paro card\u00edaco ocurre cuando el coraz\u00f3n deja de latir de forma s\u00fabita, interrumpiendo el flujo sangu\u00edneo al cerebro y otros \u00f3rganos vitales. Sin atenci\u00f3n inmediata, puede provocar la muerte en cuesti\u00f3n de minutos. Sin embargo, una actuaci\u00f3n r\u00e1pida por parte de testigos presenciales, especialmente mediante maniobras de RCP, puede duplicar o incluso triplicar las posibilidades de supervivencia.<\/span><\/p>\n<\/div>\n","protected":false},"excerpt":{"rendered":"<p>Desde el consistorio capitalino sedestaca la importancia de la formaci\u00f3n en maniobras de reanimaci\u00f3n para salvar vidas\u00a0 En Puerto del Rosario, a 16 de octubre de 2025.- Cada a\u00f1o, miles [&hellip;]<\/p>\n","protected":false},"author":1,"featured_media":12481,"comment_status":"open","ping_status":"open","sticky":false,"template":"","format":"standard","meta":{"inline_featured_image":false,"jnews-multi-image_gallery":[],"jnews_single_post":[],"jnews_primary_category":[],"jnews_social_meta":[],"jnews_override_counter":[],"jnews_post_split":[],"footnotes":""},"categories":[61],"tags":[82],"class_list":["post-12479","post","type-post","status-publish","format-standard","has-post-thumbnail","hentry","category-puerto-del-rosario","tag-fuerteventura"],"jetpack_featured_media_url":"https:\/\/informacionlocal.es\/wp-content\/uploads\/2025\/10\/concienciacion.png","_links":{"self":[{"href":"https:\/\/informacionlocal.es\/it\/wp-json\/wp\/v2\/posts\/12479","targetHints":{"allow":["GET"]}}],"collection":[{"href":"https:\/\/informacionlocal.es\/it\/wp-json\/wp\/v2\/posts"}],"about":[{"href":"https:\/\/informacionlocal.es\/it\/wp-json\/wp\/v2\/types\/post"}],"author":[{"embeddable":true,"href":"https:\/\/informacionlocal.es\/it\/wp-json\/wp\/v2\/users\/1"}],"replies":[{"embeddable":true,"href":"https:\/\/informacionlocal.es\/it\/wp-json\/wp\/v2\/comments?post=12479"}],"version-history":[{"count":0,"href":"https:\/\/informacionlocal.es\/it\/wp-json\/wp\/v2\/posts\/12479\/revisions"}],"wp:featuredmedia":[{"embeddable":true,"href":"https:\/\/informacionlocal.es\/it\/wp-json\/wp\/v2\/media\/12481"}],"wp:attachment":[{"href":"https:\/\/informacionlocal.es\/it\/wp-json\/wp\/v2\/media?parent=12479"}],"wp:term":[{"taxonomy":"category","embeddable":true,"href":"https:\/\/informacionlocal.es\/it\/wp-json\/wp\/v2\/categories?post=12479"},{"taxonomy":"post_tag","embeddable":true,"href":"https:\/\/informacionlocal.es\/it\/wp-json\/wp\/v2\/tags?post=12479"}],"curies":[{"name":"wp","href":"https:\/\/api.w.org\/{rel}","templated":true}]}}