{"id":12431,"date":"2025-10-15T19:58:26","date_gmt":"2025-10-15T18:58:26","guid":{"rendered":"https:\/\/informacionlocal.es\/centenares-de-personas-participan-en-los-talleres-del-proyecto-enredarte\/"},"modified":"2025-10-15T19:58:26","modified_gmt":"2025-10-15T18:58:26","slug":"centenares-de-personas-participan-en-los-talleres-del-proyecto-enredarte","status":"publish","type":"post","link":"https:\/\/informacionlocal.es\/it\/centenares-de-personas-participan-en-los-talleres-del-proyecto-enredarte\/","title":{"rendered":"Centenares de personas participan en los talleres del proyecto EnRedArte\ufeff"},"content":{"rendered":"<div class=\"entry-content\"><strong>15 octubre, 2025<\/strong><\/p>\n<p><em><strong>El programa, de la Consejer\u00eda de Artesan\u00eda del Cabildo, contin\u00faa llevando la artesan\u00eda por todo el territorio insular de la mano de expertos artesanos y artesanas<\/strong><\/em><\/p>\n<p>El programa \u2018EnRedArte\u2019 de la Consejer\u00eda de Artesan\u00eda del Cabildo de Fuerteventura contin\u00faa llevando la artesan\u00eda por toda la geograf\u00eda insular de la\u00a0 mano de expertos artesanos, pertenecientes a la Asociaci\u00f3n de Artesanos Creativos de Fuerteventura y con la colaboraci\u00f3n, adem\u00e1s, de diferentes colectivos y asociaciones de vecinos.<\/p>\n<p>Centenares de personas han participado este a\u00f1o en las diferentes formaciones.<\/p>\n<p>Actualmente se imparten los talleres de almazuelas, marroquiner\u00eda, macram\u00e9, modista y trajes tradicionales, impartidos por artesanos y artesanas acreditadas en sus respectivos oficios.\u00a0 Se llevan a localidades como P\u00e1jara, Tef\u00eda, Betancuria, Antigua, Parque Holand\u00e9s, Tesjuate, Tetir o Tarajalejo.<\/p>\n<p>Adem\u00e1s, el alumnado de la Residencia de Estudiantes de Puerto del Rosario recibir\u00e1 formaci\u00f3n sobre elaboraci\u00f3n de mural de mosaico de la mano de Andrea Castagna.<\/p>\n<p>La consejera de Artesan\u00eda, Lolina Negr\u00edn, explica que, en la anualidad de 2025, se ha hecho especial hincapi\u00e9 en la formaci\u00f3n de nuevos y nuevas artesanas en diferentes disciplinas, con el objetivo de fomentar el tan importante relevo generacional.<\/p>\n<p>Como oficios tradicionales, la formaci\u00f3n en alfarer\u00eda majorera se realiza de la mano de los artesanos Jos\u00e9 Aradas Garc\u00eda en Tetir y Guisguey, y de Delf\u00edn D\u00edaz Almeida en P\u00e1jara y Tuineje. Por otra parte, la formaci\u00f3n en sombrerer\u00eda tradicional se desarrolla con \u00e9xito en Tindaya y en Tiscamanita, de la mano de Lito Nolasco.<\/p>\n<p>A finales de octubre, se impartir\u00e1 un taller de transformaci\u00f3n de la lana en Valle de Santa In\u00e9s, en el marco de las Jornadas de Agroecolog\u00eda, a cargo de la artesana Beatriz Ballester Mor\u00f3n.<\/p>\n<p>Lolina Negr\u00edn ha destacado el \u00e9xito de participaci\u00f3n en este programa, \u201clo que nos anima a continuar ampliando y llevando esta formaci\u00f3n a todos los rincones de la Isla.<\/p>\n<\/div>\n","protected":false},"excerpt":{"rendered":"<p>15 octubre, 2025 El programa, de la Consejer\u00eda de Artesan\u00eda del Cabildo, contin\u00faa llevando la artesan\u00eda por todo el territorio insular de la mano de expertos artesanos y artesanas El [&hellip;]<\/p>\n","protected":false},"author":1,"featured_media":12433,"comment_status":"open","ping_status":"open","sticky":false,"template":"","format":"standard","meta":{"inline_featured_image":false,"jnews-multi-image_gallery":[],"jnews_single_post":[],"jnews_primary_category":[],"jnews_social_meta":[],"jnews_override_counter":[],"jnews_post_split":[],"footnotes":""},"categories":[58],"tags":[82],"class_list":["post-12431","post","type-post","status-publish","format-standard","has-post-thumbnail","hentry","category-cabildo","tag-fuerteventura"],"jetpack_featured_media_url":"https:\/\/informacionlocal.es\/wp-content\/uploads\/2025\/10\/1760515806-e973fa48a2b9fd9d76d556c46cda3f4c.jpg","_links":{"self":[{"href":"https:\/\/informacionlocal.es\/it\/wp-json\/wp\/v2\/posts\/12431","targetHints":{"allow":["GET"]}}],"collection":[{"href":"https:\/\/informacionlocal.es\/it\/wp-json\/wp\/v2\/posts"}],"about":[{"href":"https:\/\/informacionlocal.es\/it\/wp-json\/wp\/v2\/types\/post"}],"author":[{"embeddable":true,"href":"https:\/\/informacionlocal.es\/it\/wp-json\/wp\/v2\/users\/1"}],"replies":[{"embeddable":true,"href":"https:\/\/informacionlocal.es\/it\/wp-json\/wp\/v2\/comments?post=12431"}],"version-history":[{"count":0,"href":"https:\/\/informacionlocal.es\/it\/wp-json\/wp\/v2\/posts\/12431\/revisions"}],"wp:featuredmedia":[{"embeddable":true,"href":"https:\/\/informacionlocal.es\/it\/wp-json\/wp\/v2\/media\/12433"}],"wp:attachment":[{"href":"https:\/\/informacionlocal.es\/it\/wp-json\/wp\/v2\/media?parent=12431"}],"wp:term":[{"taxonomy":"category","embeddable":true,"href":"https:\/\/informacionlocal.es\/it\/wp-json\/wp\/v2\/categories?post=12431"},{"taxonomy":"post_tag","embeddable":true,"href":"https:\/\/informacionlocal.es\/it\/wp-json\/wp\/v2\/tags?post=12431"}],"curies":[{"name":"wp","href":"https:\/\/api.w.org\/{rel}","templated":true}]}}