{"id":12419,"date":"2025-10-15T18:00:05","date_gmt":"2025-10-15T17:00:05","guid":{"rendered":"https:\/\/informacionlocal.es\/la-cantante-lindi-duma-este-sabado-en-caleta-es-musica\/"},"modified":"2025-10-15T18:00:05","modified_gmt":"2025-10-15T17:00:05","slug":"la-cantante-lindi-duma-este-sabado-en-caleta-es-musica","status":"publish","type":"post","link":"https:\/\/informacionlocal.es\/it\/la-cantante-lindi-duma-este-sabado-en-caleta-es-musica\/","title":{"rendered":"La cantante Lindi Duma este s\u00e1bado en Caleta es M\u00fasica"},"content":{"rendered":"<div class=\"elementor-widget-container\">\n<p><strong>La cantante Lindi Duma este s\u00e1bado en Caleta es M\u00fasica<\/strong><\/p>\n<p><strong>\u2022 La actuaci\u00f3n en vivo y en la calle de Lindi Duma este s\u00e1bado 18 de octubre de 17:00 a 20:00 horas en la peatonal Alcalde Santiago Urqu\u00eda.<\/strong><\/p>\n<p><strong>\u2022 Caleta es M\u00fasica ofrece cada s\u00e1bado una programaci\u00f3n musical hasta finales de noviembre, en diferentes plazas, paseo mar\u00edtimo o peatonales de Caleta de Fuste.<\/strong><\/p>\n<p>El Ayuntamiento de Antigua desde la concejal\u00eda de Comercio impulsa el programa de actuaciones, Caleta es M\u00fasica hasta finales de noviembre, con actuaciones en vivo cada s\u00e1bado, de grupos de Fuerteventura en las calles, plazas y paseos de Caleta de Fuste.<\/p>\n<p>Una idea que respalda a grupos de m\u00fasica formados en la isla, afirma el alcalde, Mat\u00edas Pe\u00f1a, adem\u00e1s de ofrecer un entretenido espect\u00e1culo a los vecinos, vecinas y turistas que visitan la localidad de Caleta de Fuste.<\/p>\n<p>Cada s\u00e1bado un grupo diferente protagoniza Caleta es m\u00fasica, ofreciendo por tanto ritmos y estilos muy distintos en cada cita, se\u00f1ala el concejal de Comercio, Giuseppe Signorino, siempre en un lugar cercano a las zonas o \u00e1reas comerciales y de hosteler\u00eda, como atractivo entretenido que invita a quedarse a los viandantes en la calle, plaza o terrazas pr\u00f3ximas.<\/p>\n<p>Este s\u00e1bado 18 de octubre de 17:00 a 20:00 horas, Caleta es M\u00fasica propone la actuaci\u00f3n vocal y art\u00edstica de Lindi Duma, en la peatonal Alcalde Santiago Urqu\u00eda, ubicada en una zona centro de las de mayor actividad comercial y de restauraci\u00f3n de la localidad.<\/p>\n<p>Una voz sorprendente y mel\u00f3dica en una tarde de s\u00e1bado para disfrutar vecinos, vecinas y turistas que paseen por la peatonal, visiten los comercios o decidan sentarse en alguna terraza cercana a la actuaci\u00f3n, se\u00f1ala el concejal Signorino.<\/p>\n<p>\u00a0<\/p>\n<\/div>\n","protected":false},"excerpt":{"rendered":"<p><strong>La cantante Lindi Duma este s\u00e1bado en Caleta es M\u00fasica<\/strong><\/p>\n","protected":false},"author":1,"featured_media":12421,"comment_status":"open","ping_status":"open","sticky":false,"template":"","format":"standard","meta":{"inline_featured_image":false,"jnews-multi-image_gallery":[],"jnews_single_post":[],"jnews_primary_category":[],"jnews_social_meta":[],"jnews_override_counter":[],"jnews_post_split":[],"footnotes":""},"categories":[59],"tags":[82],"class_list":["post-12419","post","type-post","status-publish","format-standard","has-post-thumbnail","hentry","category-antigua","tag-fuerteventura"],"jetpack_featured_media_url":"https:\/\/informacionlocal.es\/wp-content\/uploads\/2025\/10\/img-20251011-wa0000.jpg","_links":{"self":[{"href":"https:\/\/informacionlocal.es\/it\/wp-json\/wp\/v2\/posts\/12419","targetHints":{"allow":["GET"]}}],"collection":[{"href":"https:\/\/informacionlocal.es\/it\/wp-json\/wp\/v2\/posts"}],"about":[{"href":"https:\/\/informacionlocal.es\/it\/wp-json\/wp\/v2\/types\/post"}],"author":[{"embeddable":true,"href":"https:\/\/informacionlocal.es\/it\/wp-json\/wp\/v2\/users\/1"}],"replies":[{"embeddable":true,"href":"https:\/\/informacionlocal.es\/it\/wp-json\/wp\/v2\/comments?post=12419"}],"version-history":[{"count":0,"href":"https:\/\/informacionlocal.es\/it\/wp-json\/wp\/v2\/posts\/12419\/revisions"}],"wp:featuredmedia":[{"embeddable":true,"href":"https:\/\/informacionlocal.es\/it\/wp-json\/wp\/v2\/media\/12421"}],"wp:attachment":[{"href":"https:\/\/informacionlocal.es\/it\/wp-json\/wp\/v2\/media?parent=12419"}],"wp:term":[{"taxonomy":"category","embeddable":true,"href":"https:\/\/informacionlocal.es\/it\/wp-json\/wp\/v2\/categories?post=12419"},{"taxonomy":"post_tag","embeddable":true,"href":"https:\/\/informacionlocal.es\/it\/wp-json\/wp\/v2\/tags?post=12419"}],"curies":[{"name":"wp","href":"https:\/\/api.w.org\/{rel}","templated":true}]}}