{"id":12413,"date":"2025-10-15T16:58:49","date_gmt":"2025-10-15T15:58:49","guid":{"rendered":"https:\/\/informacionlocal.es\/el-centro-infernal-de-juventud-abre-sus-puertas-este-halloween-con-panico-en-el-cine\/"},"modified":"2025-10-15T16:58:49","modified_gmt":"2025-10-15T15:58:49","slug":"el-centro-infernal-de-juventud-abre-sus-puertas-este-halloween-con-panico-en-el-cine","status":"publish","type":"post","link":"https:\/\/informacionlocal.es\/it\/el-centro-infernal-de-juventud-abre-sus-puertas-este-halloween-con-panico-en-el-cine\/","title":{"rendered":"El \u2018Centro Infernal de Juventud\u2019 abre sus puertas este Halloween con P\u00e1nico en el Cine"},"content":{"rendered":"<div class=\"entry-content\"><strong>15 octubre, 2025<\/strong><\/p>\n<p><strong><em>El Centro Insular de Juventud invita a vivir una experiencia inmersiva de terror el 31 de octubre, de 17.00 a 21.00 horas<\/em><\/strong><\/p>\n<p>El Centro Insular de Juventud de Fuerteventura, dependiente del Cabildo insular, presenta la segunda edici\u00f3n del \u201cCentro Infernal de Juventud\u201d, una propuesta que convertir\u00e1 sus instalaciones en un aut\u00e9ntico escenario de terror el pr\u00f3ximo 31 de octubre, de 17.00 a 21.00 horas.<\/p>\n<p>La entrada es gratuita y la actividad se desarrollar\u00e1 mediante pases grupales para garantizar una experiencia inmersiva y segura para todos los asistentes. Las personas interesadas en participar pueden inscribirse o solicitar m\u00e1s informaci\u00f3n a trav\u00e9s del correo electr\u00f3nico\u00a0cijfuerteventura@gmail.com\u00a0o los tel\u00e9fonos 646 466 551 y 928 862 418.<\/p>\n<p>Bajo el t\u00edtulo \u2018P\u00e1nico en el Cine\u2019, el CIJ ofrecer\u00e1 un pasaje tem\u00e1tico en el que los grandes personajes del cine de terror cobrar\u00e1n vida entre efectos especiales, maquillaje, escenograf\u00eda y sonido envolvente. Adem\u00e1s, el p\u00fablico podr\u00e1 disfrutar de un escape room ambientado en una de las sagas m\u00e1s conocidas del g\u00e9nero, donde deber\u00e1n mantener la calma y resolver enigmas antes de que sea demasiado tarde.<\/p>\n<p>La iniciativa destaca por su car\u00e1cter participativo, ya que j\u00f3venes de la isla se implican activamente en la decoraci\u00f3n, guion, ambientaci\u00f3n y caracterizaci\u00f3n de los personajes, convirtiendo la propuesta creativa y colectiva de ocio juvenil.<\/p>\n<p>Con esta iniciativa, la Consejer\u00eda de Juventud, que dirige Adargoma Hern\u00e1ndez, contin\u00faa apostando por ofrecer alternativas de ocio creativo y participativo, celebrando Halloween de una forma diferente y original para fomentar la implicaci\u00f3n juvenil en la creaci\u00f3n de eventos.<\/p>\n<p>Adem\u00e1s, el CIJ recuerda que mantiene activa una amplia oferta de actividades dirigidas a la juventud, como el Curso de Informaci\u00f3n Juvenil, los talleres \u2018Mi Br\u00fajula Interior\u2019, el Podcast del CIJ o las quedadas de juegos de mesa, entre muchas otras propuestas disponibles en su web y redes sociales oficiales.<\/p>\n<\/div>\n","protected":false},"excerpt":{"rendered":"<p>15 octubre, 2025 El Centro Insular de Juventud invita a vivir una experiencia inmersiva de terror el 31 de octubre, de 17.00 a 21.00 horas El Centro Insular de Juventud [&hellip;]<\/p>\n","protected":false},"author":1,"featured_media":12415,"comment_status":"open","ping_status":"open","sticky":false,"template":"","format":"standard","meta":{"inline_featured_image":false,"jnews-multi-image_gallery":[],"jnews_single_post":[],"jnews_primary_category":[],"jnews_social_meta":[],"jnews_override_counter":[],"jnews_post_split":[],"footnotes":""},"categories":[58],"tags":[69],"class_list":["post-12413","post","type-post","status-publish","format-standard","has-post-thumbnail","hentry","category-cabildo","tag-eventos"],"jetpack_featured_media_url":"https:\/\/informacionlocal.es\/wp-content\/uploads\/2025\/10\/centro-infernal-juventud.jpeg","_links":{"self":[{"href":"https:\/\/informacionlocal.es\/it\/wp-json\/wp\/v2\/posts\/12413","targetHints":{"allow":["GET"]}}],"collection":[{"href":"https:\/\/informacionlocal.es\/it\/wp-json\/wp\/v2\/posts"}],"about":[{"href":"https:\/\/informacionlocal.es\/it\/wp-json\/wp\/v2\/types\/post"}],"author":[{"embeddable":true,"href":"https:\/\/informacionlocal.es\/it\/wp-json\/wp\/v2\/users\/1"}],"replies":[{"embeddable":true,"href":"https:\/\/informacionlocal.es\/it\/wp-json\/wp\/v2\/comments?post=12413"}],"version-history":[{"count":0,"href":"https:\/\/informacionlocal.es\/it\/wp-json\/wp\/v2\/posts\/12413\/revisions"}],"wp:featuredmedia":[{"embeddable":true,"href":"https:\/\/informacionlocal.es\/it\/wp-json\/wp\/v2\/media\/12415"}],"wp:attachment":[{"href":"https:\/\/informacionlocal.es\/it\/wp-json\/wp\/v2\/media?parent=12413"}],"wp:term":[{"taxonomy":"category","embeddable":true,"href":"https:\/\/informacionlocal.es\/it\/wp-json\/wp\/v2\/categories?post=12413"},{"taxonomy":"post_tag","embeddable":true,"href":"https:\/\/informacionlocal.es\/it\/wp-json\/wp\/v2\/tags?post=12413"}],"curies":[{"name":"wp","href":"https:\/\/api.w.org\/{rel}","templated":true}]}}