{"id":12301,"date":"2025-10-14T13:58:32","date_gmt":"2025-10-14T12:58:32","guid":{"rendered":"https:\/\/informacionlocal.es\/costa-calma-celebra-las-fiestas-en-honor-a-santa-marta\/"},"modified":"2025-10-14T13:58:32","modified_gmt":"2025-10-14T12:58:32","slug":"costa-calma-celebra-las-fiestas-en-honor-a-santa-marta","status":"publish","type":"post","link":"https:\/\/informacionlocal.es\/it\/costa-calma-celebra-las-fiestas-en-honor-a-santa-marta\/","title":{"rendered":"Costa Calma celebra las fiestas en honor a Santa Marta\u00a0"},"content":{"rendered":"<div class=\"entry-content\">\n<p><b><i>Del 16 al 19 de octubre, vecinos, vecinas y visitantes podr\u00e1n disfrutar de m\u00fasica, espect\u00e1culos infantiles, deporte y actividades para todos los p\u00fablicos<\/i><\/b><\/p>\n<p><span>El Ayuntamiento de P\u00e1jara, a trav\u00e9s de la Concejal\u00eda de Festejos, presenta la programaci\u00f3n de las fiestas en honor a Santa Marta, en Costa Calma, que se celebrar\u00e1 del jueves 16 al domingo 19 de octubre, con actividades para todos los p\u00fablicos, m\u00fasica en vivo, espect\u00e1culos infantiles y deporte.\u00a0<\/span><\/p>\n<p><span>El concejal de Festejos, Juan Jos\u00e9 Viera, invita a todos los vecinos y vecinas a disfrutar de esta festividad. \u201cLa ciudadan\u00eda del municipio podr\u00e1 disfrutar de una nueva entrega de la Milla Santa Marta. Las personas interesadas podr\u00e1n inscribirse y obtener su dorsal a partir de las 17:00 horas en la carpa municipal\u201d, se\u00f1ala.\u00a0<\/span><\/p>\n<p><span>Asimismo, el edil destaca que \u201cdurante la noche del s\u00e1bado estar\u00e1 presente el punto violeta, un espacio seguro de informaci\u00f3n, atenci\u00f3n y apoyo a personas que hayan sufrido o presenciado alguna agresi\u00f3n\u201d.\u00a0<\/span><\/p>\n<p><b>Programaci\u00f3n\u00a0<\/b><\/p>\n<p><span>Las fiestas en honor a Santa Marta comienzan este mi\u00e9rcoles, 16 de octubre, a partir de las 17:30 horas, con la actuaci\u00f3n del grupo de baile a cargo de la Academia Datana, seguido de la fiesta infantil con hinchables y talleres, y a las 21:00 horas la actuaci\u00f3n del DJ The Big A.\u00a0<\/span><\/p>\n<p><span>El viernes 17 de octubre, a partir de las 18:00 horas, comenzar\u00e1 la IV edici\u00f3n de la Milla de Santa Marta. A las 20:00 horas, Masterclass a cargo de Lex Lithgow con el estilo de danza \u2018Street Jazz\u2019. A las 22:00 horas, noche de bandas con las actuaciones de la Banda de Cuco, Siroko y Chicas Melod\u00eda.\u00a0<\/span><\/p>\n<p><span>El s\u00e1bado 18 de octubre, se celebrar\u00e1 la IV edici\u00f3n de la \u2018Copa Santa Marta\u2019 que tendr\u00e1 lugar en la cancha del CEIP Costa Calma, organizado por el Club Deportivo Safaando Los Tigres de Costa Calma. A las 19:00 horas, espect\u00e1culo infantil con La Pandilla de Drilo \u2018En busca del Pirata Barbanegra\u2019. A las 22:30 horas, las actuaciones de la orquesta New Sabrosa Band y, a las 00:00 horas, verbena a cargo de Nuevo Klan y DJ Naupe.\u00a0<\/span><\/p>\n<p><span>Para finalizar, el domingo 19 de octubre, a las 12:00 horas, animaci\u00f3n infantil con hinchables y toro mec\u00e1nico, con m\u00fasica en vivo con el grupo La quinta cuerda rock band. Seguidamente, verbena de d\u00eda a cargo de Nuevo Klan.<\/span><\/p>\n<p>\u00a0<\/p>\n<p><img fetchpriority=\"high\" decoding=\"async\" class=\"alignnone size-medium wp-image-21102\" src=\"https:\/\/informacionlocal.es\/wp-content\/uploads\/2025\/10\/milla-santa-marta-225x300-1.png\" width=\"225\" height=\"300\" title=\"milla-santa-marta-225x300-1\"><img decoding=\"async\" class=\"alignnone size-medium wp-image-21101\" src=\"https:\/\/informacionlocal.es\/wp-content\/uploads\/2025\/10\/copa-santa-marta-240x300-1.png\" width=\"240\" height=\"300\" title=\"copa-santa-marta-240x300-1\"><img decoding=\"async\" class=\"alignnone size-medium wp-image-21100\" src=\"https:\/\/informacionlocal.es\/wp-content\/uploads\/2025\/10\/santa-marta-215x300-1.jpeg\" width=\"215\" height=\"300\" title=\"santa-marta-215x300-1\"><\/p>\n<\/div>\n","protected":false},"excerpt":{"rendered":"<p><i>Del 16 al 19 de octubre, vecinos, vecinas y visitantes podr\u00e1n disfrutar de m\u00fasica, espect\u00e1culos infantiles, deporte y actividades para todos los p\u00fablicos<\/i><\/p>\n","protected":false},"author":1,"featured_media":12303,"comment_status":"open","ping_status":"open","sticky":false,"template":"","format":"standard","meta":{"inline_featured_image":false,"jnews-multi-image_gallery":[],"jnews_single_post":[],"jnews_primary_category":[],"jnews_social_meta":[],"jnews_override_counter":[],"jnews_post_split":[],"footnotes":""},"categories":[63],"tags":[],"class_list":["post-12301","post","type-post","status-publish","format-standard","has-post-thumbnail","hentry","category-pajara"],"jetpack_featured_media_url":"https:\/\/informacionlocal.es\/wp-content\/uploads\/2025\/10\/santa-marta.jpeg","_links":{"self":[{"href":"https:\/\/informacionlocal.es\/it\/wp-json\/wp\/v2\/posts\/12301","targetHints":{"allow":["GET"]}}],"collection":[{"href":"https:\/\/informacionlocal.es\/it\/wp-json\/wp\/v2\/posts"}],"about":[{"href":"https:\/\/informacionlocal.es\/it\/wp-json\/wp\/v2\/types\/post"}],"author":[{"embeddable":true,"href":"https:\/\/informacionlocal.es\/it\/wp-json\/wp\/v2\/users\/1"}],"replies":[{"embeddable":true,"href":"https:\/\/informacionlocal.es\/it\/wp-json\/wp\/v2\/comments?post=12301"}],"version-history":[{"count":0,"href":"https:\/\/informacionlocal.es\/it\/wp-json\/wp\/v2\/posts\/12301\/revisions"}],"wp:featuredmedia":[{"embeddable":true,"href":"https:\/\/informacionlocal.es\/it\/wp-json\/wp\/v2\/media\/12303"}],"wp:attachment":[{"href":"https:\/\/informacionlocal.es\/it\/wp-json\/wp\/v2\/media?parent=12301"}],"wp:term":[{"taxonomy":"category","embeddable":true,"href":"https:\/\/informacionlocal.es\/it\/wp-json\/wp\/v2\/categories?post=12301"},{"taxonomy":"post_tag","embeddable":true,"href":"https:\/\/informacionlocal.es\/it\/wp-json\/wp\/v2\/tags?post=12301"}],"curies":[{"name":"wp","href":"https:\/\/api.w.org\/{rel}","templated":true}]}}