{"id":1223,"date":"2025-04-11T10:30:42","date_gmt":"2025-04-11T10:30:42","guid":{"rendered":"https:\/\/informacionlocal.es\/la-oliva-lancia-la-nuova-edizione-del-corso-per-istruttori-di-tempo-libero-e-tempo-libero\/"},"modified":"2025-04-14T10:18:48","modified_gmt":"2025-04-14T10:18:48","slug":"la-oliva-lancia-la-nuova-edizione-del-corso-per-istruttori-di-tempo-libero-e-tempo-libero","status":"publish","type":"post","link":"https:\/\/informacionlocal.es\/it\/la-oliva-lancia-la-nuova-edizione-del-corso-per-istruttori-di-tempo-libero-e-tempo-libero\/","title":{"rendered":"La Oliva lancia la nuova edizione del Corso per Istruttori di Tempo Libero e Tempo Libero"},"content":{"rendered":"<p>Il Comune di La Oliva, attraverso il Dipartimento di Sviluppo Locale, diretto da Alexandra Mart\u00edn, organizza una nuova edizione del corso per monitori del tempo libero. La formazione si svolger\u00e0 il 2 e 3 maggio presso l&#8217;Albergue de El Cohombrillo, a Lajares. Questa iniziativa fa parte delle azioni per la formazione e il miglioramento dell&#8217;occupazione ed \u00e8 rivolta ai disoccupati del comune di La Oliva di et\u00e0 superiore ai 16 anni, sia giovani che adulti. L&#8217;obiettivo \u00e8 che i partecipanti alla formazione possano non solo migliorare la propria occupabilit\u00e0, ma anche acquisire conoscenze sul settore dell&#8217;animazione educativa e socio-culturale.   <\/p>\n<p>Tra le materie che verranno trattate nel corso ci sono la formazione nel tempo libero, le conoscenze di primo soccorso e la prevenzione dei rischi garantita dalla certificazione ufficiale di +GestionCanarias. In questo senso, la partecipazione al corso diventa una vera e propria porta d&#8217;accesso al mercato del lavoro locale, con opportunit\u00e0 professionali in diversi settori legati all&#8217;animazione e al lavoro con i gruppi. <\/p>\n<p>Quest&#8217;anno, per la prima volta, il corso si svolger\u00e0 in modo intensivo, con un formato di vita in ostello durante i due giorni, offrendo agli studenti un&#8217;esperienza pratica e coinvolgente. La formazione \u00e8 completamente gratuita, in quanto \u00e8 interamente finanziata dal Dipartimento di Sviluppo Locale e comprende la formazione, l&#8217;alloggio e il sostentamento. <\/p>\n<p>L&#8217;iscrizione pu\u00f2 essere effettuata di persona il 21 e 22 aprile presso l&#8217;Ufficio del Sindaco di Corralejo dalle ore 08:00 alle ore 13:00 per ritirare il modulo di iscrizione, le informazioni sul corso e per ottenere un numero di iscrizione provvisorio. Una volta completata questa procedura, il passo successivo \u00e8 quello di formalizzare l&#8217;iscrizione consegnando il modulo di domanda compilato e la documentazione richiesta per ufficializzare il numero ottenuto inizialmente e occupare cos\u00ec il posto. Questa fase si svolger\u00e0 dal 23 al 25 aprile, sempre di persona presso la Tenencia de Alcald\u00eda.    <\/p>\n<p>Coloro che sono in possesso del numero di iscrizione provvisorio e non possono recarsi presso l&#8217;area per formalizzare l&#8217;iscrizione, possono presentarla inviando un messaggio all&#8217;indirizzo e-mail dell&#8217;area (desarrollolocal@laoliva.es) entro i termini stabiliti. Dopo tale data non saranno accettate domande di iscrizione n\u00e9 di persona n\u00e9 via e-mail. <\/p>\n<p>Per ulteriori informazioni, le persone interessate possono contattare il Dipartimento di Sviluppo Locale del Comune di La Oliva, via e-mail all&#8217;indirizzo desarrollolocal@laoliva.es o chiamando il numero 928 53 53 12 ext. 2.<\/p>\n","protected":false},"excerpt":{"rendered":"<p><span>La formazione si svolger\u00e0 presso l&#8217;Albergue El Cohombrillo, a Lajares, il 2 e 3 maggio.<\/span><\/p>\n","protected":false},"author":1,"featured_media":844,"comment_status":"open","ping_status":"open","sticky":false,"template":"","format":"standard","meta":{"inline_featured_image":false,"jnews-multi-image_gallery":[],"jnews_single_post":[],"jnews_primary_category":[],"jnews_social_meta":[],"jnews_override_counter":[],"jnews_post_split":[],"footnotes":""},"categories":[292],"tags":[202,224,238,221,222],"class_list":["post-1223","post","type-post","status-publish","format-standard","has-post-thumbnail","hentry","category-la-oliva-it","tag-comuni","tag-cultura-e-tempo-libero","tag-eventi","tag-istruzione","tag-occupazione-e-formazione"],"jetpack_featured_media_url":"https:\/\/informacionlocal.es\/wp-content\/uploads\/2025\/04\/5185_d8584e51.png","_links":{"self":[{"href":"https:\/\/informacionlocal.es\/it\/wp-json\/wp\/v2\/posts\/1223","targetHints":{"allow":["GET"]}}],"collection":[{"href":"https:\/\/informacionlocal.es\/it\/wp-json\/wp\/v2\/posts"}],"about":[{"href":"https:\/\/informacionlocal.es\/it\/wp-json\/wp\/v2\/types\/post"}],"author":[{"embeddable":true,"href":"https:\/\/informacionlocal.es\/it\/wp-json\/wp\/v2\/users\/1"}],"replies":[{"embeddable":true,"href":"https:\/\/informacionlocal.es\/it\/wp-json\/wp\/v2\/comments?post=1223"}],"version-history":[{"count":1,"href":"https:\/\/informacionlocal.es\/it\/wp-json\/wp\/v2\/posts\/1223\/revisions"}],"predecessor-version":[{"id":1830,"href":"https:\/\/informacionlocal.es\/it\/wp-json\/wp\/v2\/posts\/1223\/revisions\/1830"}],"wp:featuredmedia":[{"embeddable":true,"href":"https:\/\/informacionlocal.es\/it\/wp-json\/wp\/v2\/media\/844"}],"wp:attachment":[{"href":"https:\/\/informacionlocal.es\/it\/wp-json\/wp\/v2\/media?parent=1223"}],"wp:term":[{"taxonomy":"category","embeddable":true,"href":"https:\/\/informacionlocal.es\/it\/wp-json\/wp\/v2\/categories?post=1223"},{"taxonomy":"post_tag","embeddable":true,"href":"https:\/\/informacionlocal.es\/it\/wp-json\/wp\/v2\/tags?post=1223"}],"curies":[{"name":"wp","href":"https:\/\/api.w.org\/{rel}","templated":true}]}}