{"id":12221,"date":"2025-10-10T22:59:21","date_gmt":"2025-10-10T21:59:21","guid":{"rendered":"https:\/\/informacionlocal.es\/notodofilmfest-amplia-su-convocatoria-hasta-el-30-de-octubre\/"},"modified":"2025-10-10T22:59:21","modified_gmt":"2025-10-10T21:59:21","slug":"notodofilmfest-amplia-su-convocatoria-hasta-el-30-de-octubre","status":"publish","type":"post","link":"https:\/\/informacionlocal.es\/it\/notodofilmfest-amplia-su-convocatoria-hasta-el-30-de-octubre\/","title":{"rendered":"Notodofilmfest ampl\u00eda su convocatoria hasta el 30 de octubre"},"content":{"rendered":"<div class=\"entry-content\"><strong>10 octubre, 2025<\/strong><\/p>\n<p><em><strong>Fuerteventura Film Commission vuelve a unir fuerzas con el festival para traer el Premio Fuerteventura Plat\u00f3 de Cine Natural<\/strong><\/em><\/p>\n<p>Fuerteventura Film Commission informa de que<br \/>\nla 23\u00aa edici\u00f3n de Notodofilmfest ampl\u00eda su convocatoria hasta el 30 de octubre<br \/>\na las 12.00 horas, pudiendo consultarse las bases e inscripciones en https:\/\/www.notodofilmfest.com<\/p>\n<p>El festival de cortometrajes Notodofilmfest y<br \/>\nFuerteventura Film Commission han vuelto a unir fuerzas para traer la cuarta<br \/>\nedici\u00f3n del Premio Fuerteventura Plat\u00f3 de Cine Natural, como reconocimiento al<br \/>\ntalento emergente que elige la Isla como escenario.<\/p>\n<p>La categor\u00eda est\u00e1 abierta a todos los<br \/>\ncortometrajes filmados en Fuerteventura, con un premio de 1.000 euros para la<br \/>\nobra ganadora. Cada cortometraje debe ser in\u00e9dito, tener una duraci\u00f3n m\u00e1xima de<br \/>\ntres minutos y medio y estar subtitulados al ingl\u00e9s. No hay l\u00edmite de<br \/>\nparticipaci\u00f3n por autor.<\/p>\n<p>En esta edici\u00f3n, el premio es apadrinado por<br \/>\nel actor argentino Ramiro Blas, que ha dirigido el cortometraje <em>PLAN\u00c4NDERUNG<\/em><br \/>\n(Cambio de Plan), rodado en Fuerteventura, contando con un equipo profesional<br \/>\n\u00edntegro de la Isla para su realizaci\u00f3n. Esta pieza puede verse en https:\/\/www.notodofilmfest.com\/premio\/premio-fuerteventura-plato-de-cine-natural\/<\/p>\n<p>La consejera de Fuerteventura Film Commission,<br \/>\nNereida Calero, anima a participar en un premio que busca estimular la<br \/>\ncreatividad audiovisual, al tiempo que se dan a conocer los paisajes de<br \/>\nFuerteventura como inspiraci\u00f3n y escenario. Los participantes optar\u00e1n no s\u00f3lo<br \/>\nal Premio Fuerteventura Plat\u00f3 de Cine Natural, sino a todos los premios<br \/>\ngenerales del festival, que se otorgar\u00e1n en enero de 2026 en Cines Callao de<br \/>\nMadrid.<\/p>\n<\/div>\n","protected":false},"excerpt":{"rendered":"<p>10 octubre, 2025 Fuerteventura Film Commission vuelve a unir fuerzas con el festival para traer el Premio Fuerteventura Plat\u00f3 de Cine Natural Fuerteventura Film Commission informa de que la 23\u00aa [&hellip;]<\/p>\n","protected":false},"author":1,"featured_media":12223,"comment_status":"open","ping_status":"open","sticky":false,"template":"","format":"standard","meta":{"inline_featured_image":false,"jnews-multi-image_gallery":[],"jnews_single_post":[],"jnews_primary_category":[],"jnews_social_meta":[],"jnews_override_counter":[],"jnews_post_split":[],"footnotes":""},"categories":[58],"tags":[],"class_list":["post-12221","post","type-post","status-publish","format-standard","has-post-thumbnail","hentry","category-cabildo"],"jetpack_featured_media_url":"https:\/\/informacionlocal.es\/wp-content\/uploads\/2025\/10\/notodofilmfest.jpeg","_links":{"self":[{"href":"https:\/\/informacionlocal.es\/it\/wp-json\/wp\/v2\/posts\/12221","targetHints":{"allow":["GET"]}}],"collection":[{"href":"https:\/\/informacionlocal.es\/it\/wp-json\/wp\/v2\/posts"}],"about":[{"href":"https:\/\/informacionlocal.es\/it\/wp-json\/wp\/v2\/types\/post"}],"author":[{"embeddable":true,"href":"https:\/\/informacionlocal.es\/it\/wp-json\/wp\/v2\/users\/1"}],"replies":[{"embeddable":true,"href":"https:\/\/informacionlocal.es\/it\/wp-json\/wp\/v2\/comments?post=12221"}],"version-history":[{"count":0,"href":"https:\/\/informacionlocal.es\/it\/wp-json\/wp\/v2\/posts\/12221\/revisions"}],"wp:featuredmedia":[{"embeddable":true,"href":"https:\/\/informacionlocal.es\/it\/wp-json\/wp\/v2\/media\/12223"}],"wp:attachment":[{"href":"https:\/\/informacionlocal.es\/it\/wp-json\/wp\/v2\/media?parent=12221"}],"wp:term":[{"taxonomy":"category","embeddable":true,"href":"https:\/\/informacionlocal.es\/it\/wp-json\/wp\/v2\/categories?post=12221"},{"taxonomy":"post_tag","embeddable":true,"href":"https:\/\/informacionlocal.es\/it\/wp-json\/wp\/v2\/tags?post=12221"}],"curies":[{"name":"wp","href":"https:\/\/api.w.org\/{rel}","templated":true}]}}