{"id":12203,"date":"2025-10-10T19:58:32","date_gmt":"2025-10-10T18:58:32","guid":{"rendered":"https:\/\/informacionlocal.es\/el-cabildo-publica-la-resolucion-provisional-de-las-ayudas-al-fomento-de-la-contratacion\/"},"modified":"2025-10-10T19:58:32","modified_gmt":"2025-10-10T18:58:32","slug":"el-cabildo-publica-la-resolucion-provisional-de-las-ayudas-al-fomento-de-la-contratacion","status":"publish","type":"post","link":"https:\/\/informacionlocal.es\/it\/el-cabildo-publica-la-resolucion-provisional-de-las-ayudas-al-fomento-de-la-contratacion\/","title":{"rendered":"El Cabildo publica la resoluci\u00f3n provisional de las ayudas al fomento de la contrataci\u00f3n"},"content":{"rendered":"<div class=\"entry-content\"><strong>10 octubre, 2025<\/strong><\/p>\n<p>El Cabildo de Fuerteventura, a trav\u00e9s de la Consejer\u00eda de Promoci\u00f3n Econ\u00f3mica, que dirige Nuria Cabrera, publica la resoluci\u00f3n provisional de la convocatoria de ayudas al fomento de la contrataci\u00f3n. Unas subvenciones que permiten a los beneficiarios sufragar los costes salariales del personal contratado, as\u00ed como las cargas de la Seguridad Social que deben abonar cuando contratan nuevo personal.<\/p>\n<p>El\u00a0plazo para la aceptaci\u00f3n de la subvenci\u00f3n finaliza el 23 de octubre.\u00a0La resoluci\u00f3n puede consultarse en el \u00e1rea de ayudas y subvenciones de la web\u00a0https:\/\/www.cabildofuer.es\/cabildo\/atencion-al-ciudadano\/ayudas-becas-y-subvenciones\/promocion-economica\/subvenciones-para-el-fomento-de-la-contratacion\/fomento-contratacion-2025\/.<\/p>\n<p>La consejera insular, Nuria Cabrera, pone en valor unas ayudas que tienen como objetivo mejorar la empleabilidad en la Isla. Esta l\u00ednea de ayudas cuenta con fondos propios de la Corporaci\u00f3n insular y financiaci\u00f3n del Fondo de Desarrollo de Canarias (FDCAN).<\/p>\n<\/div>\n","protected":false},"excerpt":{"rendered":"<p>10 octubre, 2025 El Cabildo de Fuerteventura, a trav\u00e9s de la Consejer\u00eda de Promoci\u00f3n Econ\u00f3mica, que dirige Nuria Cabrera, publica la resoluci\u00f3n provisional de la convocatoria de ayudas al fomento [&hellip;]<\/p>\n","protected":false},"author":1,"featured_media":12205,"comment_status":"open","ping_status":"open","sticky":false,"template":"","format":"standard","meta":{"inline_featured_image":false,"jnews-multi-image_gallery":[],"jnews_single_post":[],"jnews_primary_category":[],"jnews_social_meta":[],"jnews_override_counter":[],"jnews_post_split":[],"footnotes":""},"categories":[58],"tags":[82],"class_list":["post-12203","post","type-post","status-publish","format-standard","has-post-thumbnail","hentry","category-cabildo","tag-fuerteventura"],"jetpack_featured_media_url":"https:\/\/informacionlocal.es\/wp-content\/uploads\/2025\/10\/20240906_pleno_cabildo-9-2-scaled.jpg","_links":{"self":[{"href":"https:\/\/informacionlocal.es\/it\/wp-json\/wp\/v2\/posts\/12203","targetHints":{"allow":["GET"]}}],"collection":[{"href":"https:\/\/informacionlocal.es\/it\/wp-json\/wp\/v2\/posts"}],"about":[{"href":"https:\/\/informacionlocal.es\/it\/wp-json\/wp\/v2\/types\/post"}],"author":[{"embeddable":true,"href":"https:\/\/informacionlocal.es\/it\/wp-json\/wp\/v2\/users\/1"}],"replies":[{"embeddable":true,"href":"https:\/\/informacionlocal.es\/it\/wp-json\/wp\/v2\/comments?post=12203"}],"version-history":[{"count":0,"href":"https:\/\/informacionlocal.es\/it\/wp-json\/wp\/v2\/posts\/12203\/revisions"}],"wp:featuredmedia":[{"embeddable":true,"href":"https:\/\/informacionlocal.es\/it\/wp-json\/wp\/v2\/media\/12205"}],"wp:attachment":[{"href":"https:\/\/informacionlocal.es\/it\/wp-json\/wp\/v2\/media?parent=12203"}],"wp:term":[{"taxonomy":"category","embeddable":true,"href":"https:\/\/informacionlocal.es\/it\/wp-json\/wp\/v2\/categories?post=12203"},{"taxonomy":"post_tag","embeddable":true,"href":"https:\/\/informacionlocal.es\/it\/wp-json\/wp\/v2\/tags?post=12203"}],"curies":[{"name":"wp","href":"https:\/\/api.w.org\/{rel}","templated":true}]}}