{"id":1216,"date":"2025-04-11T09:26:51","date_gmt":"2025-04-11T09:26:51","guid":{"rendered":"https:\/\/informacionlocal.es\/antigua-offre-un-posto-pubblico-di-tecnico-dellamministrazione-generale\/"},"modified":"2025-04-14T09:26:54","modified_gmt":"2025-04-14T09:26:54","slug":"antigua-offre-un-posto-pubblico-di-tecnico-dellamministrazione-generale","status":"publish","type":"post","link":"https:\/\/informacionlocal.es\/it\/antigua-offre-un-posto-pubblico-di-tecnico-dellamministrazione-generale\/","title":{"rendered":"Antigua offre un posto pubblico di Tecnico dell&#8217;Amministrazione Generale"},"content":{"rendered":"<div class=\"elementor-widget-container\">\n<p><strong>Antigua offre un posto pubblico di Tecnico dell&#8217;Amministrazione Generale<\/strong><\/p>\n<p><strong>&#8211; Il termine ultimo per la presentazione delle domande \u00e8 l&#8217;8 maggio compreso.  <\/strong><br \/><strong>&#8211; Le basi possono essere consultate nel BOP Las Palmas num.28 del 5 marzo 2025.<\/strong><\/p>\n<p>Il sindaco di Antigua, Mat\u00edas Pe\u00f1a Garc\u00eda, annuncia l&#8217;offerta di un posto pubblico di Tecnico di Amministrazione Generale per rafforzare l&#8217;attuale organico del Municipio di Antigua, nell&#8217;ambito dell&#8217;Offerta di Lavoro Pubblico che abbiamo approvato lo scorso anno.<\/p>\n<p>La selezione avverr\u00e0 attraverso un sistema di concorso a evidenza pubblica, ha dichiarato il sindaco, aggiungendo che gli interessati possono consultare le Basi pubblicate nel Bollettino Ufficiale della Provincia di Las Palmas, numero 28, del 5 marzo 2025.<\/p>\n<p>La scadenza per la presentazione delle domande \u00e8 l&#8217;8 maggio compreso e le domande devono essere formalizzate attraverso il Registro delle iscrizioni presso il Municipio di Antigua, l&#8217;Ufficio del Sindaco a Caleta de Fuste o attraverso l&#8217;ufficio elettronico.<\/p>\n<p>La posizione offerta \u00e8 quella di Tecnico dell&#8217;Amministrazione Generale, appartenente alla scala dell&#8217;Amministrazione Generale, sottoscala Tecnica e classe Senior. L&#8217;annuncio di questo posto vacante<br \/>\u00e8 pubblicato sul BOE (Gazzetta Ufficiale dello Stato) n. 84 di luned\u00ec 7 aprile. <\/p>\n<p>Un estratto del bando pu\u00f2 essere consultato anche nel Bollettino Ufficiale delle Isole Canarie numero 61 del 27 marzo 2025. Queste basi sono state rettificate nei termini pubblicati nella Gazzetta Ufficiale della Provincia di Las Palmas numero 33, del 17 marzo 2025. <\/p>\n<p>Il termine per la presentazione delle domande \u00e8 di venti giorni lavorativi a partire dal giorno successivo alla pubblicazione della presente risoluzione sulla Gazzetta Ufficiale dello Stato.<\/p>\n<p>I successivi annunci relativi a questo invito, ove opportuno ai sensi del regolamento, saranno resi pubblici secondo le modalit\u00e0 previste dal regolamento stesso.<\/p>\n<\/p>\n<\/div>\n","protected":false},"excerpt":{"rendered":"<p><strong>Antigua offre un posto pubblico di Tecnico dell&#8217;Amministrazione Generale<\/strong><\/p>\n","protected":false},"author":1,"featured_media":841,"comment_status":"open","ping_status":"open","sticky":false,"template":"","format":"standard","meta":{"inline_featured_image":false,"jnews-multi-image_gallery":[],"jnews_single_post":[],"jnews_primary_category":[],"jnews_social_meta":[],"jnews_override_counter":[],"jnews_post_split":[],"footnotes":""},"categories":[85],"tags":[202,247,235,222],"class_list":["post-1216","post","type-post","status-publish","format-standard","has-post-thumbnail","hentry","category-sin-categoria-it","tag-comuni","tag-formalita","tag-inviti-a-presentare-candidature","tag-occupazione-e-formazione"],"jetpack_featured_media_url":"https:\/\/informacionlocal.es\/wp-content\/uploads\/2025\/04\/alcalde-de-antigua-matias-pena-garcia-scaled-1.jpg","_links":{"self":[{"href":"https:\/\/informacionlocal.es\/it\/wp-json\/wp\/v2\/posts\/1216","targetHints":{"allow":["GET"]}}],"collection":[{"href":"https:\/\/informacionlocal.es\/it\/wp-json\/wp\/v2\/posts"}],"about":[{"href":"https:\/\/informacionlocal.es\/it\/wp-json\/wp\/v2\/types\/post"}],"author":[{"embeddable":true,"href":"https:\/\/informacionlocal.es\/it\/wp-json\/wp\/v2\/users\/1"}],"replies":[{"embeddable":true,"href":"https:\/\/informacionlocal.es\/it\/wp-json\/wp\/v2\/comments?post=1216"}],"version-history":[{"count":1,"href":"https:\/\/informacionlocal.es\/it\/wp-json\/wp\/v2\/posts\/1216\/revisions"}],"predecessor-version":[{"id":1445,"href":"https:\/\/informacionlocal.es\/it\/wp-json\/wp\/v2\/posts\/1216\/revisions\/1445"}],"wp:featuredmedia":[{"embeddable":true,"href":"https:\/\/informacionlocal.es\/it\/wp-json\/wp\/v2\/media\/841"}],"wp:attachment":[{"href":"https:\/\/informacionlocal.es\/it\/wp-json\/wp\/v2\/media?parent=1216"}],"wp:term":[{"taxonomy":"category","embeddable":true,"href":"https:\/\/informacionlocal.es\/it\/wp-json\/wp\/v2\/categories?post=1216"},{"taxonomy":"post_tag","embeddable":true,"href":"https:\/\/informacionlocal.es\/it\/wp-json\/wp\/v2\/tags?post=1216"}],"curies":[{"name":"wp","href":"https:\/\/api.w.org\/{rel}","templated":true}]}}