{"id":12155,"date":"2025-10-10T10:58:26","date_gmt":"2025-10-10T09:58:26","guid":{"rendered":"https:\/\/informacionlocal.es\/vuelve-el-sabor-a-la-oliva-con-la-segunda-edicion-de-los-lajares-de-tapeo\/"},"modified":"2025-10-10T10:58:26","modified_gmt":"2025-10-10T09:58:26","slug":"vuelve-el-sabor-a-la-oliva-con-la-segunda-edicion-de-los-lajares-de-tapeo","status":"publish","type":"post","link":"https:\/\/informacionlocal.es\/it\/vuelve-el-sabor-a-la-oliva-con-la-segunda-edicion-de-los-lajares-de-tapeo\/","title":{"rendered":"Vuelve el sabor a La Oliva con la segunda edici\u00f3n de Los Lajares de Tapeo"},"content":{"rendered":"<p>Gastronom\u00eda, m\u00fasica y tradici\u00f3n. As\u00ed ser\u00e1 la segunda edici\u00f3n de Los Lajares de Tapeo. El Ayuntamiento de La Oliva anuncia, a trav\u00e9s de la Concejal\u00eda de Comercio, que gestiona Alexandra Mart\u00edn, el encuentro gastron\u00f3mico de este a\u00f1o para los pr\u00f3ximos 1 y 2 de noviembre en la Plaza P\u00fablica de Los Lajares.<\/p>\n<p>El \u00e9xito de la primera edici\u00f3n dej\u00f3 claro el car\u00e1cter \u00fanico del evento y sus intenciones, un encuentro que regresa con nuevos puestos gastron\u00f3micos, showcookings con invitados especiales, actuaciones musicales, actividades infantiles, talleres y otras sorpresas que captar\u00e1n la atenci\u00f3n de locales y visitantes del municipio durante dos d\u00edas. <\/p>\n<p>El alcalde de La Oliva, Isa\u00ed Blanco, pone de relieve la necesidad de continuar con la promoci\u00f3n del producto local y las costumbres de la Isla: \u201cLos Lajares de Tapeo pone el acento sobre quienes somos a trav\u00e9s de la gastronom\u00eda, haciendo \u00e9nfasis en los productos de nuestro municipio y nuestros cocineros. Desde el Ayuntamiento seguiremos apostando por aquellos eventos que favorezcan la promoci\u00f3n de nuestras tradiciones y quienes somos como pueblo a trav\u00e9s de nuestro singular arte culinario.\u201d <\/p>\n<p>Por su parte, la concejala de Comercio, Alexandra Mar\u00edn, destaca: \u201cEs vital seguir apostando por eventos como este en nuestro municipio. Sin duda, la gastronom\u00eda local debe ser apoyada e impulsada y, desde la Concejal\u00eda tenemos el claro objetivo de dar a conocer al mayor n\u00famero posible de restaurantes, as\u00ed como poner en valor la gran variedad gastron\u00f3mica que ofrece nuestra localidad.\u201d <\/p>\n<p>Un fin de semana dedicado a la gastronom\u00eda que pone el acento sobre nuestros cocineros locales y el producto kil\u00f3metro cero en un evento para todos los p\u00fablicos.<\/p>\n","protected":false},"excerpt":{"rendered":"<p><span>Tras el \u00e9xito del evento en el 2025, la localidad acoge por segundo a\u00f1o el encuentro gastron\u00f3mico los pr\u00f3ximos 1 y 2 de noviembre<\/span><\/p>\n","protected":false},"author":1,"featured_media":12157,"comment_status":"open","ping_status":"open","sticky":false,"template":"","format":"standard","meta":{"inline_featured_image":false,"jnews-multi-image_gallery":[],"jnews_single_post":[],"jnews_primary_category":[],"jnews_social_meta":[],"jnews_override_counter":[],"jnews_post_split":[],"footnotes":""},"categories":[62],"tags":[69],"class_list":["post-12155","post","type-post","status-publish","format-standard","has-post-thumbnail","hentry","category-la-oliva","tag-eventos"],"jetpack_featured_media_url":"https:\/\/informacionlocal.es\/wp-content\/uploads\/2025\/10\/5259_ad69b4c6.png","_links":{"self":[{"href":"https:\/\/informacionlocal.es\/it\/wp-json\/wp\/v2\/posts\/12155","targetHints":{"allow":["GET"]}}],"collection":[{"href":"https:\/\/informacionlocal.es\/it\/wp-json\/wp\/v2\/posts"}],"about":[{"href":"https:\/\/informacionlocal.es\/it\/wp-json\/wp\/v2\/types\/post"}],"author":[{"embeddable":true,"href":"https:\/\/informacionlocal.es\/it\/wp-json\/wp\/v2\/users\/1"}],"replies":[{"embeddable":true,"href":"https:\/\/informacionlocal.es\/it\/wp-json\/wp\/v2\/comments?post=12155"}],"version-history":[{"count":0,"href":"https:\/\/informacionlocal.es\/it\/wp-json\/wp\/v2\/posts\/12155\/revisions"}],"wp:featuredmedia":[{"embeddable":true,"href":"https:\/\/informacionlocal.es\/it\/wp-json\/wp\/v2\/media\/12157"}],"wp:attachment":[{"href":"https:\/\/informacionlocal.es\/it\/wp-json\/wp\/v2\/media?parent=12155"}],"wp:term":[{"taxonomy":"category","embeddable":true,"href":"https:\/\/informacionlocal.es\/it\/wp-json\/wp\/v2\/categories?post=12155"},{"taxonomy":"post_tag","embeddable":true,"href":"https:\/\/informacionlocal.es\/it\/wp-json\/wp\/v2\/tags?post=12155"}],"curies":[{"name":"wp","href":"https:\/\/api.w.org\/{rel}","templated":true}]}}