{"id":1211,"date":"2025-04-11T03:48:14","date_gmt":"2025-04-11T03:48:14","guid":{"rendered":"https:\/\/informacionlocal.es\/tuineje-presenta-i-suoi-produttori-locali-alla-38a-edizione-di-feaga\/"},"modified":"2025-04-14T10:15:24","modified_gmt":"2025-04-14T10:15:24","slug":"tuineje-presenta-i-suoi-produttori-locali-alla-38a-edizione-di-feaga","status":"publish","type":"post","link":"https:\/\/informacionlocal.es\/it\/tuineje-presenta-i-suoi-produttori-locali-alla-38a-edizione-di-feaga\/","title":{"rendered":"Tuineje presenta i suoi produttori locali alla 38\u00aa edizione di FEAGA"},"content":{"rendered":"<div class=\"article-content-inner\">\n<h2 class=\"wp-block-heading\">La fiera si terr\u00e0 dal 3 al 6 aprile presso la fattoria sperimentale Pozo Negro.<\/h2>\n<p>Il Comune di Tuineje sar\u00e0 presente alla 38\u00aa edizione della Fiera dell&#8217;Agricoltura, dell&#8217;Allevamento e della Pesca di Fuerteventura (FEAGA), che si terr\u00e0 da gioved\u00ec a domenica presso la Fattoria Sperimentale di Pozo Negro.<\/p>\n<p>Il Comune avr\u00e0 un proprio stand in cui verr\u00e0 evidenziato il valore del settore primario locale, promuovendo i produttori del Comune e il loro contributo allo sviluppo economico e culturale di Tuineje. In questa edizione, la fiera rende omaggio all&#8217;allevamento costiero, un settore fondamentale per la tradizione e lo sviluppo dell&#8217;isola. <\/p>\n<p>Il Comune invita tutti i cittadini a partecipare a questa fiera di riferimento, un punto di incontro fondamentale per i professionisti del settore e per il pubblico in generale.<\/p>\n<p>L&#8217;assessore al Settore primario, Jonathan Pe\u00f1a, ha sottolineato l&#8217;importanza della fiera come vetrina per i produttori locali: <em>&#8220;FEAGA \u00e8 un&#8217;opportunit\u00e0 unica per i nostri abitanti della campagna e del mare di mostrare il loro lavoro e i prodotti di qualit\u00e0 che si producono a Tuineje. Invitiamo la gente del posto e i visitatori a fermarsi al nostro stand per vedere da vicino la ricchezza del nostro settore primario&#8221;.<\/em><\/p>\n<p>Da parte sua, la sindaca di Tuineje, Candelaria Umpi\u00e9rrez, ha sottolineato l&#8217;impegno del Comune nel promuovere e sostenere i produttori locali: <em>&#8220;Tuineje ha una grande tradizione agricola e zootecnica, e la FEAGA \u00e8 la cornice perfetta per mostrare i nostri sforzi per preservare e rafforzare il settore primario. Invitiamo tutti a visitare la fiera e a godersi l&#8217;esperienza&#8221;.<\/em><\/p>\n<p>Il Comune di Tuineje ribadisce il suo impegno nel settore primario e incoraggia i cittadini a venire a FEAGA 2024 per scoprire l&#8217;eccellenza dei prodotti del comune in un evento che, anno dopo anno, si consolida come punto di riferimento regionale.<\/p>\n<\/div>\n","protected":false},"excerpt":{"rendered":"<p>La fiera si terr\u00e0 dal 3 al 6 aprile presso la fattoria sperimentale Pozo Negro. Il Comune di Tuineje sar\u00e0 presente alla 38\u00aa edizione della Fiera dell&#8217;Agricoltura, dell&#8217;Allevamento e della [&hellip;]<\/p>\n","protected":false},"author":1,"featured_media":802,"comment_status":"open","ping_status":"open","sticky":false,"template":"","format":"standard","meta":{"inline_featured_image":false,"jnews-multi-image_gallery":[],"jnews_single_post":[],"jnews_primary_category":[],"jnews_social_meta":[],"jnews_override_counter":[],"jnews_post_split":[],"footnotes":""},"categories":[301],"tags":[202,224,238,223],"class_list":["post-1211","post","type-post","status-publish","format-standard","has-post-thumbnail","hentry","category-tuineje-it","tag-comuni","tag-cultura-e-tempo-libero","tag-eventi","tag-fuerteventura-it"],"jetpack_featured_media_url":"https:\/\/informacionlocal.es\/wp-content\/uploads\/2025\/04\/stand-2024.jpeg","_links":{"self":[{"href":"https:\/\/informacionlocal.es\/it\/wp-json\/wp\/v2\/posts\/1211","targetHints":{"allow":["GET"]}}],"collection":[{"href":"https:\/\/informacionlocal.es\/it\/wp-json\/wp\/v2\/posts"}],"about":[{"href":"https:\/\/informacionlocal.es\/it\/wp-json\/wp\/v2\/types\/post"}],"author":[{"embeddable":true,"href":"https:\/\/informacionlocal.es\/it\/wp-json\/wp\/v2\/users\/1"}],"replies":[{"embeddable":true,"href":"https:\/\/informacionlocal.es\/it\/wp-json\/wp\/v2\/comments?post=1211"}],"version-history":[{"count":1,"href":"https:\/\/informacionlocal.es\/it\/wp-json\/wp\/v2\/posts\/1211\/revisions"}],"predecessor-version":[{"id":1756,"href":"https:\/\/informacionlocal.es\/it\/wp-json\/wp\/v2\/posts\/1211\/revisions\/1756"}],"wp:featuredmedia":[{"embeddable":true,"href":"https:\/\/informacionlocal.es\/it\/wp-json\/wp\/v2\/media\/802"}],"wp:attachment":[{"href":"https:\/\/informacionlocal.es\/it\/wp-json\/wp\/v2\/media?parent=1211"}],"wp:term":[{"taxonomy":"category","embeddable":true,"href":"https:\/\/informacionlocal.es\/it\/wp-json\/wp\/v2\/categories?post=1211"},{"taxonomy":"post_tag","embeddable":true,"href":"https:\/\/informacionlocal.es\/it\/wp-json\/wp\/v2\/tags?post=1211"}],"curies":[{"name":"wp","href":"https:\/\/api.w.org\/{rel}","templated":true}]}}