{"id":12073,"date":"2025-10-09T14:58:33","date_gmt":"2025-10-09T13:58:33","guid":{"rendered":"https:\/\/informacionlocal.es\/pajara-y-asociacion-famal-refuerzan-su-compromiso-con-la-igualdad-y-la-lucha-contra-la-violencia-de-genero\/"},"modified":"2025-10-09T14:58:33","modified_gmt":"2025-10-09T13:58:33","slug":"pajara-y-asociacion-famal-refuerzan-su-compromiso-con-la-igualdad-y-la-lucha-contra-la-violencia-de-genero","status":"publish","type":"post","link":"https:\/\/informacionlocal.es\/it\/pajara-y-asociacion-famal-refuerzan-su-compromiso-con-la-igualdad-y-la-lucha-contra-la-violencia-de-genero\/","title":{"rendered":"P\u00e1jara y Asociaci\u00f3n FAMAL refuerzan su compromiso con la igualdad y la lucha contra la violencia de g\u00e9nero\u00a0"},"content":{"rendered":"<div class=\"entry-content\">\n<p><b><i>El convenio permitir\u00e1 coordinar recursos, compartir espacios y garantizar una atenci\u00f3n m\u00e1s integral\u00a0<\/i><\/b><\/p>\n<p><span>El Ayuntamiento de P\u00e1jara, a trav\u00e9s de la Concejal\u00eda de Servicios Sociales, y la Federaci\u00f3n de asociaciones de Mujeres Arena y Laurisilva Asociaci\u00f3n (FAMAL) han formalizado un convenio de colaboraci\u00f3n con el objetivo de establecer un marco com\u00fan de trabajo en materia de igualdad de oportunidades y de erradicaci\u00f3n de todas las formas de violencia hac\u00eda las mujeres y ni\u00f1as.\u00a0<\/span><\/p>\n<p><span>El acuerdo contempla la puesta en marcha de diversas actuaciones conjuntas orientadas a la atenci\u00f3n, sensibilizaci\u00f3n y apoyo a las mujeres del municipio, compartiendo recursos, espacios y herramientas disponibles por ambas entidades.\u00a0<\/span><\/p>\n<p><span>La concejala del \u00e1rea, Kathaisa Rodr\u00edguez, subraya que \u201ceste convenio permitir\u00e1 que las mujeres derivadas por la asociaci\u00f3n tengan acceso a los servicios municipales, y al mismo tiempo desde el Ayuntamiento podamos derivar usuarias a la asociaci\u00f3n cuando lo necesiten\u201d.\u00a0<\/span><\/p>\n<p><span>La coordinaci\u00f3n entre administraciones y asociaciones es fundamental para garantizar que ninguna mujer se sienta sola y que cuente siempre con apoyo y recursos\u201d, a\u00f1adi\u00f3 la concejala.\u00a0<\/span><\/p>\n<p><span>Por su parte, el alcalde de P\u00e1jara, destaca que \u201ceste acuerdo demuestra que en P\u00e1jara estamos trabajando unidos para garantizar la igualdad de oportunidades. Nuestro objetivo es ofrecer recursos eficaces y accesibles, y con la colaboraci\u00f3n de FAMAL sumamos fuerzas para dar una mejor respuesta a las personas que lo necesiten\u201d.\u00a0<\/span><\/p>\n<p><span>Con este convenio, el Ayuntamiento y FAMAL consolidan su colaboraci\u00f3n y ponen de manifiesto la importancia de unir esfuerzos para avanzar hacia una sociedad libre de violencia. <\/span><\/p>\n<\/div>\n","protected":false},"excerpt":{"rendered":"<p><i>El convenio permitir\u00e1 coordinar recursos, compartir espacios y garantizar una atenci\u00f3n m\u00e1s integral\u00a0<\/i><\/p>\n","protected":false},"author":1,"featured_media":12075,"comment_status":"open","ping_status":"open","sticky":false,"template":"","format":"standard","meta":{"inline_featured_image":false,"jnews-multi-image_gallery":[],"jnews_single_post":[],"jnews_primary_category":[],"jnews_social_meta":[],"jnews_override_counter":[],"jnews_post_split":[],"footnotes":""},"categories":[63],"tags":[],"class_list":["post-12073","post","type-post","status-publish","format-standard","has-post-thumbnail","hentry","category-pajara"],"jetpack_featured_media_url":"https:\/\/informacionlocal.es\/wp-content\/uploads\/2025\/10\/whatsapp-image-2025-09-29-at-17-39-50.jpeg","_links":{"self":[{"href":"https:\/\/informacionlocal.es\/it\/wp-json\/wp\/v2\/posts\/12073","targetHints":{"allow":["GET"]}}],"collection":[{"href":"https:\/\/informacionlocal.es\/it\/wp-json\/wp\/v2\/posts"}],"about":[{"href":"https:\/\/informacionlocal.es\/it\/wp-json\/wp\/v2\/types\/post"}],"author":[{"embeddable":true,"href":"https:\/\/informacionlocal.es\/it\/wp-json\/wp\/v2\/users\/1"}],"replies":[{"embeddable":true,"href":"https:\/\/informacionlocal.es\/it\/wp-json\/wp\/v2\/comments?post=12073"}],"version-history":[{"count":0,"href":"https:\/\/informacionlocal.es\/it\/wp-json\/wp\/v2\/posts\/12073\/revisions"}],"wp:featuredmedia":[{"embeddable":true,"href":"https:\/\/informacionlocal.es\/it\/wp-json\/wp\/v2\/media\/12075"}],"wp:attachment":[{"href":"https:\/\/informacionlocal.es\/it\/wp-json\/wp\/v2\/media?parent=12073"}],"wp:term":[{"taxonomy":"category","embeddable":true,"href":"https:\/\/informacionlocal.es\/it\/wp-json\/wp\/v2\/categories?post=12073"},{"taxonomy":"post_tag","embeddable":true,"href":"https:\/\/informacionlocal.es\/it\/wp-json\/wp\/v2\/tags?post=12073"}],"curies":[{"name":"wp","href":"https:\/\/api.w.org\/{rel}","templated":true}]}}