{"id":1207,"date":"2025-04-11T08:18:36","date_gmt":"2025-04-11T08:18:36","guid":{"rendered":"https:\/\/informacionlocal.es\/tuineje-si-prepara-a-celebrare-la-giornata-mondiale-del-libro\/"},"modified":"2025-04-14T10:14:59","modified_gmt":"2025-04-14T10:14:59","slug":"tuineje-si-prepara-a-celebrare-la-giornata-mondiale-del-libro","status":"publish","type":"post","link":"https:\/\/informacionlocal.es\/it\/tuineje-si-prepara-a-celebrare-la-giornata-mondiale-del-libro\/","title":{"rendered":"Tuineje si prepara a celebrare la Giornata Mondiale del Libro"},"content":{"rendered":"<div class=\"article-content-inner\">\n<h2 class=\"wp-block-heading\"><em>Il comune organizza una settimana ricca di attivit\u00e0 letterarie per tutte le et\u00e0<\/em><\/h2>\n<p>Il Comune di Tuineje, con l&#8217;Assessorato alla Cultura guidato da Dulce Garc\u00eda, ha organizzato un variegato programma per commemorare la Giornata Mondiale del Libro, che si terr\u00e0 il <strong>23 aprile 2025<\/strong>, con attivit\u00e0 che vanno da concorsi, narrazioni e fiere letterarie, a omaggi a scrittori e lettori locali. Le iniziative si svolgeranno principalmente a <strong>Gran Tarajal<\/strong>, ma saranno estese anche ad altri centri culturali del comune nei giorni successivi. <\/p>\n<div class=\"wp-block-image\">\n<figure class=\"alignleft size-large is-resized\"><img fetchpriority=\"high\" decoding=\"async\" width=\"724\" height=\"1024\" src=\"https:\/\/informacionlocal.es\/wp-content\/uploads\/2025\/04\/cartel-d-libro-724x1024-1.jpeg\" class=\"wp-image-7706\" title=\"cartel-d-libro-724x1024-1\"><\/figure>\n<\/div>\n<p>Tra i punti salienti c&#8217;\u00e8 la quarta edizione di <strong>Efimares<\/strong>, un originale concorso di microstorie scritte sulla sabbia della spiaggia di Gran Tarajal, il cui tema sar\u00e0 &#8220;la brezza del mare&#8221;. Le storie vincitrici saranno dipinte su un muro del comune. Ci saranno anche la <strong>narrazione del famoso cantastorie Javier Bolea<\/strong>, una fiera del libro con stand di autori locali e spettacoli di burattini e danza.  <\/p>\n<p>L&#8217;<strong>assessore alla Cultura, Dulce Garc\u00eda<\/strong>, ha dichiarato che &#8220;abbiamo lavorato a un programma che cerca di portare la letteratura al pubblico in modo creativo, divertente e partecipativo, incoraggiando la lettura fin dalla pi\u00f9 tenera et\u00e0 e mettendo in luce i talenti locali&#8221;.<\/p>\n<p>Da parte sua, la <strong>sindaca di Tuineje, Candelaria Umpi\u00e9rrez<\/strong>, ha sottolineato che &#8220;i libri continuano a essere uno strumento essenziale per costruire una cittadinanza critica e libera. Da parte del Comune, siamo fermamente impegnati nella cultura come motore di sviluppo sociale&#8221;.<\/p>\n<p>Le attivit\u00e0 proseguiranno il <strong>28 e 29 aprile e il 1\u00b0 maggio<\/strong> con sessioni di narrazione nei centri culturali di <strong>Tiscamanita, Tarajalejo e Tuineje<\/strong>, mantenendo viva la celebrazione del libro per tutta la settimana.<\/p>\n<\/div>\n","protected":false},"excerpt":{"rendered":"<p>Il comune organizza una settimana ricca di attivit\u00e0 letterarie per tutte le et\u00e0 Il Comune di Tuineje, con l&#8217;Assessorato alla Cultura guidato da Dulce Garc\u00eda, ha organizzato un variegato programma [&hellip;]<\/p>\n","protected":false},"author":1,"featured_media":835,"comment_status":"open","ping_status":"open","sticky":false,"template":"","format":"standard","meta":{"inline_featured_image":false,"jnews-multi-image_gallery":[],"jnews_single_post":[],"jnews_primary_category":[],"jnews_social_meta":[],"jnews_override_counter":[],"jnews_post_split":[],"footnotes":""},"categories":[301],"tags":[202,224,238,223],"class_list":["post-1207","post","type-post","status-publish","format-standard","has-post-thumbnail","hentry","category-tuineje-it","tag-comuni","tag-cultura-e-tempo-libero","tag-eventi","tag-fuerteventura-it"],"jetpack_featured_media_url":"https:\/\/informacionlocal.es\/wp-content\/uploads\/2025\/04\/captura-de-pantalla-2025-04-11-a-las-8-53-49-1024x608-1.png","_links":{"self":[{"href":"https:\/\/informacionlocal.es\/it\/wp-json\/wp\/v2\/posts\/1207","targetHints":{"allow":["GET"]}}],"collection":[{"href":"https:\/\/informacionlocal.es\/it\/wp-json\/wp\/v2\/posts"}],"about":[{"href":"https:\/\/informacionlocal.es\/it\/wp-json\/wp\/v2\/types\/post"}],"author":[{"embeddable":true,"href":"https:\/\/informacionlocal.es\/it\/wp-json\/wp\/v2\/users\/1"}],"replies":[{"embeddable":true,"href":"https:\/\/informacionlocal.es\/it\/wp-json\/wp\/v2\/comments?post=1207"}],"version-history":[{"count":1,"href":"https:\/\/informacionlocal.es\/it\/wp-json\/wp\/v2\/posts\/1207\/revisions"}],"predecessor-version":[{"id":1748,"href":"https:\/\/informacionlocal.es\/it\/wp-json\/wp\/v2\/posts\/1207\/revisions\/1748"}],"wp:featuredmedia":[{"embeddable":true,"href":"https:\/\/informacionlocal.es\/it\/wp-json\/wp\/v2\/media\/835"}],"wp:attachment":[{"href":"https:\/\/informacionlocal.es\/it\/wp-json\/wp\/v2\/media?parent=1207"}],"wp:term":[{"taxonomy":"category","embeddable":true,"href":"https:\/\/informacionlocal.es\/it\/wp-json\/wp\/v2\/categories?post=1207"},{"taxonomy":"post_tag","embeddable":true,"href":"https:\/\/informacionlocal.es\/it\/wp-json\/wp\/v2\/tags?post=1207"}],"curies":[{"name":"wp","href":"https:\/\/api.w.org\/{rel}","templated":true}]}}