{"id":12043,"date":"2025-10-08T19:59:52","date_gmt":"2025-10-08T18:59:52","guid":{"rendered":"https:\/\/informacionlocal.es\/el-cabildo-de-fuerteventura-presenta-un-nuevo-ciclo-formativo-basado-en-la-innovacion-tecnologica\/"},"modified":"2025-10-08T19:59:52","modified_gmt":"2025-10-08T18:59:52","slug":"el-cabildo-de-fuerteventura-presenta-un-nuevo-ciclo-formativo-basado-en-la-innovacion-tecnologica","status":"publish","type":"post","link":"https:\/\/informacionlocal.es\/it\/el-cabildo-de-fuerteventura-presenta-un-nuevo-ciclo-formativo-basado-en-la-innovacion-tecnologica\/","title":{"rendered":"El Cabildo de Fuerteventura presenta un nuevo ciclo formativo basado en la innovaci\u00f3n tecnol\u00f3gica"},"content":{"rendered":"<div class=\"entry-content\"><strong>8 octubre, 2025<\/strong><\/p>\n<p><strong><em>El ciclo consta de seis charlas y seis cursos pr\u00e1cticos que se<br \/>\ndesarrollar\u00e1n los d\u00edas 17, 18 y 19 de octubre en Morro Jable<\/em><\/strong><\/p>\n<p>El Cabildo de Fuerteventura, a trav\u00e9s de la Consejer\u00eda de<br \/>\nInform\u00e1tica y Nuevas Tecnolog\u00edas, pone en marcha una nueva acci\u00f3n formativa con<br \/>\nel objetivo de acercar las competencias digitales a la ciudadan\u00eda, reduciendo<br \/>\nas\u00ed la brecha digital y fomentando la innovaci\u00f3n tecnol\u00f3gica.<\/p>\n<p>La iniciativa, financiada por los fondos FDCAN, est\u00e1 compuesta por<br \/>\nun total de seis charlas divulgativas y seis cursos pr\u00e1cticos, gratuitos y con<br \/>\nplazas limitadas. Est\u00e1n dirigidos a distintos perfiles ciudadanos,<br \/>\nemprendedores, profesionales del turismo y p\u00fablico interesado en adquirir<br \/>\ncompetencias digitales fundamentales para el presente y el futuro.<\/p>\n<p>Se celebrar\u00e1n durante los d\u00edas 17, 18 y 19 de octubre, en Morro Jable, siendo el curso el denominado \u201cHerramientas colaborativas y trabajo en la nube\u201d, el cual incluye una charla sobre plataformas como Google Workspace y Microsoft 365, adem\u00e1s de un curso pr\u00e1ctico centrado en el uso aplicado de estas herramientas para mejorar la productividad en equipo.<\/p>\n<p>La consejera del \u00e1rea, Carmen Alonso, destac\u00f3 que \u201ccon este<br \/>\nprograma formativo, queremos acercar el conocimiento y dominio de tecnolog\u00edas<br \/>\nemergentes a toda la ciudadan\u00eda, especialmente a zonas como Morro Jable, para<br \/>\nimpulsar el desarrollo profesional y social. La digitalizaci\u00f3n es clave para el<br \/>\nfuturo de nuestra isla, y estos cursos gratuitos representan una oportunidad<br \/>\n\u00fanica para que todos puedan beneficiarse de estas herramientas\u201d.<\/p>\n<p>Las personas interesadas pueden obtener m\u00e1s informaci\u00f3n e<br \/>\ninscribirse a trav\u00e9s de https:\/\/docs.google.com\/forms\/d\/e\/1FAIpQLSfxWS35jsJ7egkpEaGQK3pP18dfNqVtkIKMsDDoNq4GTWafLg\/viewform?usp=dialog<\/p>\n<\/div>\n","protected":false},"excerpt":{"rendered":"<p>8 octubre, 2025 El ciclo consta de seis charlas y seis cursos pr\u00e1cticos que se desarrollar\u00e1n los d\u00edas 17, 18 y 19 de octubre en Morro Jable El Cabildo de [&hellip;]<\/p>\n","protected":false},"author":1,"featured_media":12045,"comment_status":"open","ping_status":"open","sticky":false,"template":"","format":"standard","meta":{"inline_featured_image":false,"jnews-multi-image_gallery":[],"jnews_single_post":[],"jnews_primary_category":[],"jnews_social_meta":[],"jnews_override_counter":[],"jnews_post_split":[],"footnotes":""},"categories":[58],"tags":[82,401],"class_list":["post-12043","post","type-post","status-publish","format-standard","has-post-thumbnail","hentry","category-cabildo","tag-fuerteventura","tag-tecnologia"],"jetpack_featured_media_url":"https:\/\/informacionlocal.es\/wp-content\/uploads\/2025\/10\/ciclo-formativo.jpeg","_links":{"self":[{"href":"https:\/\/informacionlocal.es\/it\/wp-json\/wp\/v2\/posts\/12043","targetHints":{"allow":["GET"]}}],"collection":[{"href":"https:\/\/informacionlocal.es\/it\/wp-json\/wp\/v2\/posts"}],"about":[{"href":"https:\/\/informacionlocal.es\/it\/wp-json\/wp\/v2\/types\/post"}],"author":[{"embeddable":true,"href":"https:\/\/informacionlocal.es\/it\/wp-json\/wp\/v2\/users\/1"}],"replies":[{"embeddable":true,"href":"https:\/\/informacionlocal.es\/it\/wp-json\/wp\/v2\/comments?post=12043"}],"version-history":[{"count":0,"href":"https:\/\/informacionlocal.es\/it\/wp-json\/wp\/v2\/posts\/12043\/revisions"}],"wp:featuredmedia":[{"embeddable":true,"href":"https:\/\/informacionlocal.es\/it\/wp-json\/wp\/v2\/media\/12045"}],"wp:attachment":[{"href":"https:\/\/informacionlocal.es\/it\/wp-json\/wp\/v2\/media?parent=12043"}],"wp:term":[{"taxonomy":"category","embeddable":true,"href":"https:\/\/informacionlocal.es\/it\/wp-json\/wp\/v2\/categories?post=12043"},{"taxonomy":"post_tag","embeddable":true,"href":"https:\/\/informacionlocal.es\/it\/wp-json\/wp\/v2\/tags?post=12043"}],"curies":[{"name":"wp","href":"https:\/\/api.w.org\/{rel}","templated":true}]}}