{"id":12037,"date":"2025-10-08T19:00:08","date_gmt":"2025-10-08T18:00:08","guid":{"rendered":"https:\/\/informacionlocal.es\/el-cabildo-apoya-el-evento-de-juego-del-palo-canarias-unida-por-la-tradicion-de-la-asociacion-cultural-maho\/"},"modified":"2025-10-08T19:00:08","modified_gmt":"2025-10-08T18:00:08","slug":"el-cabildo-apoya-el-evento-de-juego-del-palo-canarias-unida-por-la-tradicion-de-la-asociacion-cultural-maho","status":"publish","type":"post","link":"https:\/\/informacionlocal.es\/it\/el-cabildo-apoya-el-evento-de-juego-del-palo-canarias-unida-por-la-tradicion-de-la-asociacion-cultural-maho\/","title":{"rendered":"El Cabildo apoya el evento de juego del palo \u2018Canarias Unida por la Tradici\u00f3n\u2019 de la Asociaci\u00f3n Cultural MAHO"},"content":{"rendered":"<div class=\"entry-content\"><strong>8 octubre, 2025<\/strong><\/p>\n<p><em><strong>El juego del palo unir\u00e1 catorce localidades de Fuerteventura en un solo d\u00eda, en una carrera de relevos<\/strong><\/em><\/p>\n<p>El Cabildo de Fuerteventura, a trav\u00e9s de la<br \/>\nConsejer\u00eda de Deportes, apoya el evento \u2018Canarias Unida por la Tradici\u00f3n\u2019 de la<br \/>\nAsociaci\u00f3n Cultural MAHO, que llevar\u00e1 el palo canario por todo Fuerteventura en<br \/>\nun hist\u00f3rico recorrido de relevos. <\/p>\n<p>Tras el hist\u00f3rico R\u00e9cord Guinness del 15 de<br \/>\nnoviembre de 2024, la Asociaci\u00f3n Cultural MAHO presenta otro proyecto<br \/>\nambicioso, de arraigo y simb\u00f3lico: \u201cCanarias Unida por la Tradici\u00f3n\u201d. Se trata<br \/>\nde una carrera de relevos con el juego del palo canario que recorrer\u00e1 14 localidades<br \/>\nde la isla en un solo d\u00eda, el pr\u00f3ximo s\u00e1bado 11 de octubre, con la colaboraci\u00f3n<br \/>\nde la Consejer\u00eda de Deportes del Cabildo de Fuerteventura.<\/p>\n<p>Como muestra del hermanamiento cultural, el<br \/>\nevento contar\u00e1 con la participaci\u00f3n de delegaciones invitadas de Tenerife, Gran<br \/>\nCanaria y Lanzarote, representando distintas variedades y estilos de este<br \/>\npatrimonio com\u00fan. La Asociaci\u00f3n MAHO tendr\u00e1 una especial representaci\u00f3n con una<br \/>\nexhibici\u00f3n del juego de la lata, una de las modalidades m\u00e1s singulares de la<br \/>\ntradici\u00f3n majorera.<\/p>\n<p>Esta diversidad de estilos, con sus diferentes<br \/>\nmodos de utilizar el palo y sus distintos tama\u00f1os, enriquecer\u00e1 el evento y<br \/>\nservir\u00e1 como poderoso s\u00edmbolo de que, pese a las diferencias, es posible un<br \/>\nentendimiento que fortalezca y nutra las destrezas, ma\u00f1as y habilidades en la<br \/>\npr\u00e1ctica del palo canario. La presencia de estos colectivos denota la excelente<br \/>\nrelaci\u00f3n entre ellos y refuerza el mensaje central: la cultura nos une como<br \/>\npueblo canario.<\/p>\n<p>El acto central en cada plaza ser\u00e1 un momento<br \/>\nde alta carga emocional y simb\u00f3lica. El p\u00fablico ser\u00e1 testigo de c\u00f3mo la pareja<br \/>\nportadora llega y, tras una demostraci\u00f3n, busca la sincron\u00eda con la siguiente<br \/>\npareja receptora. El instante preciso en que el sonido de los palos de ambos<br \/>\ngrupos se funde en un \u00fanico ritmo ser\u00e1 la se\u00f1al de que la tradici\u00f3n ha sido<br \/>\ntransmitida. Un s\u00edmil que evoca la emoci\u00f3n y precisi\u00f3n de momentos \u00fanicos en la<br \/>\ncultura canaria, como el encuentro de la Virgen de los Reyes con los grupos de<br \/>\nbailadores y tocadores de cada pueblo en su Bajada en El Hierro, evento que ha<br \/>\nservido de inspiraci\u00f3n.<\/p>\n<p>\u201cQueremos que la gente no solo vea, sino que<br \/>\nsienta c\u00f3mo se traspasa la tradici\u00f3n. Ese segundo de sincron\u00eda, donde el sonido<br \/>\nde los palos se convierte en uno solo, es el latido de nuestra cultura pasando<br \/>\nde unas manos a otras. Que nos acompa\u00f1en delegaciones de otras islas enriquece<br \/>\neste latido, demostrando que el Palo Canario, en toda su diversidad, es un<br \/>\npatrimonio vivo y unificador\u201d, destacan desde la Asociacion MAHO.<\/p>\n<p><strong>Itinerario Oficial y Horario estimado:<\/strong><\/p>\n<p>La caravana cultural saldr\u00e1 de la Plaza de La<br \/>\nMolina de Juan Morera en Corralejo a las 8:15 horas del s\u00e1bado 11 de octubre.<br \/>\nEl recorrido completo, con horarios aproximados, ser\u00e1 el siguiente:<\/p>\n<p>Corralejo (Salida 8:15 h)<\/p>\n<p>La Lajares 8.50h<\/p>\n<p>La Oliva 9.20h<\/p>\n<p>Tindaya 10.00h<\/p>\n<p>Tetir 10.45h<\/p>\n<p>Puerto del Rosario 11.30h<\/p>\n<p>Antigua 12.30h<\/p>\n<p>Betancuria 15.00h<\/p>\n<p>La Vega de Rio Palmas 15.45<\/p>\n<p>P\u00e1jara 16.30h<\/p>\n<p>Tuineje 17.15h<\/p>\n<p>Gran Tarajal 18.00h<\/p>\n<p>Tarajalejo 18.45h<\/p>\n<p>Morro Jable 20.00h<\/p>\n<p>Dada la extensi\u00f3n del recorrido, para conocer<br \/>\nla hora aproximada de llegada a cada plaza y posibles cambios de \u00faltimo minuto,<br \/>\nse recomienda seguir la cuenta de Instagram @juegodelpalomaho, donde se<br \/>\nrealizar\u00e1n actualizaciones en tiempo directo.<\/p>\n<p>La Consejer\u00eda de Deportes del Cabildo, que<br \/>\ndirige Luis Gonz\u00e1lez, apoya esta iniciativa desde su l\u00ednea de subvenci\u00f3n de<br \/>\neventos. Y agradecemos el apoyo de las entidades municipales, especialmente al<br \/>\nAyuntamiento de Puerto del Rosario y al Ayuntamiento de Antigua donde est\u00e1n<br \/>\nformadas las escuelas infantiles, de familias y de personas adultas de la<br \/>\nAsociaci\u00f3n. Asimismo, desde la Asociaci\u00f3n Cultural del Juego del Palo Canario<br \/>\nMAHO se realiza una apuesta decidida por la cultura y nuestro patrimonio como<br \/>\nestandartes invaluables que forman parte de nuestra identidad a cada rinc\u00f3n.<br \/>\nLlevar el sonido del palo como un latido por toda la isla es una idea tan<br \/>\nsimple como profunda, este proyecto tiende un puente cultural entre toda<br \/>\nCanarias, teniendo como epicentro Fuerteventura.<\/p>\n<p>Se invita a todo el pueblo majorero y visitantes<br \/>\na acudir a la plaza de su localidad, a esperar la llegada de los palos y a ser<br \/>\npart\u00edcipes de la emoci\u00f3n colectiva de ver c\u00f3mo la tradici\u00f3n se transmite, se<br \/>\nvive y se perpet\u00faa.<\/p>\n<\/div>\n","protected":false},"excerpt":{"rendered":"<p>8 octubre, 2025 El juego del palo unir\u00e1 catorce localidades de Fuerteventura en un solo d\u00eda, en una carrera de relevos El Cabildo de Fuerteventura, a trav\u00e9s de la Consejer\u00eda [&hellip;]<\/p>\n","protected":false},"author":1,"featured_media":12039,"comment_status":"open","ping_status":"open","sticky":false,"template":"","format":"standard","meta":{"inline_featured_image":false,"jnews-multi-image_gallery":[],"jnews_single_post":[],"jnews_primary_category":[],"jnews_social_meta":[],"jnews_override_counter":[],"jnews_post_split":[],"footnotes":""},"categories":[58],"tags":[69,82],"class_list":["post-12037","post","type-post","status-publish","format-standard","has-post-thumbnail","hentry","category-cabildo","tag-eventos","tag-fuerteventura"],"jetpack_featured_media_url":"https:\/\/informacionlocal.es\/wp-content\/uploads\/2025\/10\/juego-del-palo.jpeg","_links":{"self":[{"href":"https:\/\/informacionlocal.es\/it\/wp-json\/wp\/v2\/posts\/12037","targetHints":{"allow":["GET"]}}],"collection":[{"href":"https:\/\/informacionlocal.es\/it\/wp-json\/wp\/v2\/posts"}],"about":[{"href":"https:\/\/informacionlocal.es\/it\/wp-json\/wp\/v2\/types\/post"}],"author":[{"embeddable":true,"href":"https:\/\/informacionlocal.es\/it\/wp-json\/wp\/v2\/users\/1"}],"replies":[{"embeddable":true,"href":"https:\/\/informacionlocal.es\/it\/wp-json\/wp\/v2\/comments?post=12037"}],"version-history":[{"count":0,"href":"https:\/\/informacionlocal.es\/it\/wp-json\/wp\/v2\/posts\/12037\/revisions"}],"wp:featuredmedia":[{"embeddable":true,"href":"https:\/\/informacionlocal.es\/it\/wp-json\/wp\/v2\/media\/12039"}],"wp:attachment":[{"href":"https:\/\/informacionlocal.es\/it\/wp-json\/wp\/v2\/media?parent=12037"}],"wp:term":[{"taxonomy":"category","embeddable":true,"href":"https:\/\/informacionlocal.es\/it\/wp-json\/wp\/v2\/categories?post=12037"},{"taxonomy":"post_tag","embeddable":true,"href":"https:\/\/informacionlocal.es\/it\/wp-json\/wp\/v2\/tags?post=12037"}],"curies":[{"name":"wp","href":"https:\/\/api.w.org\/{rel}","templated":true}]}}