{"id":12007,"date":"2025-10-08T14:00:29","date_gmt":"2025-10-08T13:00:29","guid":{"rendered":"https:\/\/informacionlocal.es\/el-ayuntamiento-organiza-una-reunion-entre-la-empresa-instaladora-y-los-representantes-de-la-plataforma-vecinal\/"},"modified":"2025-10-08T14:00:29","modified_gmt":"2025-10-08T13:00:29","slug":"el-ayuntamiento-organiza-una-reunion-entre-la-empresa-instaladora-y-los-representantes-de-la-plataforma-vecinal","status":"publish","type":"post","link":"https:\/\/informacionlocal.es\/it\/el-ayuntamiento-organiza-una-reunion-entre-la-empresa-instaladora-y-los-representantes-de-la-plataforma-vecinal\/","title":{"rendered":"El Ayuntamiento organiza una reuni\u00f3n entre la empresa instaladora y los representantes de la plataforma vecinal"},"content":{"rendered":"<div class=\"elementor-widget-container\">\n<p><strong>El Ayuntamiento organiza una reuni\u00f3n entre la empresa instaladora y los representantes de la plataforma vecinal<\/strong><\/p>\n<p><strong>\u2022 La empresa instaladora acepta la petici\u00f3n del alcalde de reunirse con los representantes de la Plataforma vecinal para explicar par\u00e1metros y emplazamientos posibles.<\/strong><\/p>\n<p>El Ayuntamiento de Antigua media con la empresa instaladora y la Plataforma de vecinos para valorar las ubicaciones posibles cumpliendo los par\u00e1metros legales que garanticen la cobertura en todo el pueblo.<\/p>\n<p>El alcalde, Mat\u00edas Pe\u00f1a Garc\u00eda, reunido este martes 7 de octubre al mediod\u00eda con los representantes de la Plataforma vecinal, ha confirmado la disposici\u00f3n de los responsables de la empresa instaladora Totem para reunirse con los vecinos e informar de los par\u00e1metros de medidas y criterios a cumplir seg\u00fan marca la normativa legal de garantizar la cobertura que se precisa en el pueblo de Antigua.<\/p>\n<p>La cobertura es necesaria y no se cuestiona ni se debate, afirma el alcalde de Antigua, no s\u00f3lo porque la ley obligue a cumplimiento, sino por la responsabilidad de garantizar la conexi\u00f3n de comunicaci\u00f3n que permita la actividad comercial, el desarrollo aut\u00f3nomo de diferentes empresas, la prevenci\u00f3n o el control relacionado con el funcionamiento de dispositivos de emergencia de personas mayores, con movilidad reducida o incluidas en programas como VioG\u00e9n, as\u00ed como la respuesta de emergencias ante incidencias de seguridad.<\/p>\n<p>Destacamos la preocupaci\u00f3n vecinal porque se decida la mejor ubicaci\u00f3n, as\u00ed como valoramos la implicaci\u00f3n de los responsables de la empresa instaladora Totem, estudiando diferentes emplazamientos posibles, p\u00fablicos o privados, dentro de los par\u00e1metros t\u00e9cnicos que permitan la cobertura a todo el pueblo de Antigua, afirma el alcalde, aceptando la petici\u00f3n de reunirse con los representantes de la Plataforma vecinal y explicarles cuales son las variables y ubicaciones que cumplen, a elegir la m\u00e1s id\u00f3nea o la que menos molestias cause.<\/p>\n<\/div>\n","protected":false},"excerpt":{"rendered":"<p><strong>El Ayuntamiento organiza una reuni\u00f3n entre la empresa instaladora y los representantes de la plataforma vecinal<\/strong><\/p>\n","protected":false},"author":1,"featured_media":12009,"comment_status":"open","ping_status":"open","sticky":false,"template":"","format":"standard","meta":{"inline_featured_image":false,"jnews-multi-image_gallery":[],"jnews_single_post":[],"jnews_primary_category":[],"jnews_social_meta":[],"jnews_override_counter":[],"jnews_post_split":[],"footnotes":""},"categories":[59],"tags":[],"class_list":["post-12007","post","type-post","status-publish","format-standard","has-post-thumbnail","hentry","category-antigua"],"jetpack_featured_media_url":"https:\/\/informacionlocal.es\/wp-content\/uploads\/2025\/10\/reunion-del-alcalde-con-los-representantes-de-la-plataforma-scaled-1.jpg","_links":{"self":[{"href":"https:\/\/informacionlocal.es\/it\/wp-json\/wp\/v2\/posts\/12007","targetHints":{"allow":["GET"]}}],"collection":[{"href":"https:\/\/informacionlocal.es\/it\/wp-json\/wp\/v2\/posts"}],"about":[{"href":"https:\/\/informacionlocal.es\/it\/wp-json\/wp\/v2\/types\/post"}],"author":[{"embeddable":true,"href":"https:\/\/informacionlocal.es\/it\/wp-json\/wp\/v2\/users\/1"}],"replies":[{"embeddable":true,"href":"https:\/\/informacionlocal.es\/it\/wp-json\/wp\/v2\/comments?post=12007"}],"version-history":[{"count":0,"href":"https:\/\/informacionlocal.es\/it\/wp-json\/wp\/v2\/posts\/12007\/revisions"}],"wp:featuredmedia":[{"embeddable":true,"href":"https:\/\/informacionlocal.es\/it\/wp-json\/wp\/v2\/media\/12009"}],"wp:attachment":[{"href":"https:\/\/informacionlocal.es\/it\/wp-json\/wp\/v2\/media?parent=12007"}],"wp:term":[{"taxonomy":"category","embeddable":true,"href":"https:\/\/informacionlocal.es\/it\/wp-json\/wp\/v2\/categories?post=12007"},{"taxonomy":"post_tag","embeddable":true,"href":"https:\/\/informacionlocal.es\/it\/wp-json\/wp\/v2\/tags?post=12007"}],"curies":[{"name":"wp","href":"https:\/\/api.w.org\/{rel}","templated":true}]}}