{"id":12001,"date":"2025-10-08T12:58:31","date_gmt":"2025-10-08T11:58:31","guid":{"rendered":"https:\/\/informacionlocal.es\/fuerteventura-bonita-por-naturaleza-ejecuta-mejoras-en-los-jardines-de-la-estacion-biologica-de-la-oliva\/"},"modified":"2025-10-08T12:58:31","modified_gmt":"2025-10-08T11:58:31","slug":"fuerteventura-bonita-por-naturaleza-ejecuta-mejoras-en-los-jardines-de-la-estacion-biologica-de-la-oliva","status":"publish","type":"post","link":"https:\/\/informacionlocal.es\/it\/fuerteventura-bonita-por-naturaleza-ejecuta-mejoras-en-los-jardines-de-la-estacion-biologica-de-la-oliva\/","title":{"rendered":"\u2018Fuerteventura, bonita por naturaleza\u2019 ejecuta mejoras en los jardines de la Estaci\u00f3n Biol\u00f3gica de La Oliva"},"content":{"rendered":"<div class=\"entry-content\"><strong>8 octubre, 2025<\/strong><\/p>\n<p><strong>Las cuadrillas adecentan los espacios verdes de la parte de fauna, renuevan el sistema de riego y construyen un muro; en agosto iniciaron un nuevo acceso accesible al centro por el jard\u00edn did\u00e1ctico y nuevas zonas de sombra<\/strong><\/p>\n<p><strong>Blas Acosta: \u201cEl sentido del programa \u2018Bonita\u2019 es mejorar la calidad de vida en Fuerteventura a trav\u00e9s de peque\u00f1as obras con gran trascendencia, pero que a\u00f1o tras a\u00f1o se han aplazado para cubrir otras prioridades\u201d<\/strong><\/p>\n<p>La Estaci\u00f3n Biol\u00f3gica de La Oliva contin\u00faa su proceso de adecentamiento con el inicio de un nuevo proyecto del encargo realizado por el programa \u2018Fuerteventura, bonita por naturaleza\u2019 del Cabildo de Fuerteventura, esta vez centrado en los jardines y sus infraestructuras. Paralelamente, contin\u00faan las obras iniciadas en agosto para un nuevo acceso al centro por el jard\u00edn did\u00e1ctico y nuevas zonas de sombra.<\/p>\n<p>El consejero de Obras y Maquinaria, Blas Acosta, explica que \u201cel sentido del programa \u2018Fuerteventura, bonita por naturaleza\u2019 es mejorar la calidad de vida en la isla a trav\u00e9s de peque\u00f1as obras con gran trascendencia, pero que a\u00f1o tras a\u00f1o se han aplazado para cubrir otras prioridades\u201d.<\/p>\n<p>\u201cLa renovaci\u00f3n de la Estaci\u00f3n Biol\u00f3gica de La Oliva, como ocurre con la barandilla y la escalera del paseo mar\u00edtimo de Tarajalejo, es un buen ejemplo de las peque\u00f1as actuaciones del programa\u201d, se\u00f1ala, \u201cy de la capacidad de esta herramienta, que es pionera en la isla y que supone un salto cualitativo en la gesti\u00f3n p\u00fablica\u201d.<\/p>\n<p>El Cabildo lidera este nuevo proyecto en la Estaci\u00f3n Biol\u00f3gica de La Oliva que se basa fundamentalmente en la renovaci\u00f3n del riego de los jardines de la parte de fauna, la renovaci\u00f3n y el arreglo de cabezal de riego, el adecentamiento de jardines mediante la poda de pinos marinos y la construcci\u00f3n de un muro para el sendero interior del jard\u00edn de educaci\u00f3n ambiental.<\/p>\n<p>Paralelamente, las obras de otro proyecto centrado en las infraestructuras, iniciado en agosto, contin\u00faan en el espacio abierto junto al tarajal blanco y en la zona destinada a exposici\u00f3n del Jard\u00edn Canario.<\/p>\n<p>Cabe recordar que la Estaci\u00f3n Biol\u00f3gica de La Oliva es un centro de recuperaci\u00f3n de flora salvaje y fauna silvestre, adem\u00e1s de estar dotada con otras capacidades como una sala de necropsia y un aula did\u00e1ctica.<\/p>\n<p>El encargo \u2018Fuerteventura, bonita por naturaleza\u2019 realizado por el departamento que dirige Blas Acosta a Gesplan contempla actuaciones a largo de 15 meses, entre 2024 y 2025. Durante ambos ejercicios se invertir\u00e1n cuatro millones de euros de financiaci\u00f3n propia en cerca de un centenar de \u201cacciones de cercan\u00eda\u201d que inciden directamente en la conservaci\u00f3n del entorno natural, en la buena percepci\u00f3n de los visitantes y en la calidad de vida de los residentes.<\/p>\n<\/div>\n","protected":false},"excerpt":{"rendered":"<p>8 octubre, 2025 Las cuadrillas adecentan los espacios verdes de la parte de fauna, renuevan el sistema de riego y construyen un muro; en agosto iniciaron un nuevo acceso accesible [&hellip;]<\/p>\n","protected":false},"author":1,"featured_media":12003,"comment_status":"open","ping_status":"open","sticky":false,"template":"","format":"standard","meta":{"inline_featured_image":false,"jnews-multi-image_gallery":[],"jnews_single_post":[],"jnews_primary_category":[],"jnews_social_meta":[],"jnews_override_counter":[],"jnews_post_split":[],"footnotes":""},"categories":[58],"tags":[82],"class_list":["post-12001","post","type-post","status-publish","format-standard","has-post-thumbnail","hentry","category-cabildo","tag-fuerteventura"],"jetpack_featured_media_url":"https:\/\/informacionlocal.es\/wp-content\/uploads\/2025\/10\/estacic3b3n-biolc3b3gica.jpeg","_links":{"self":[{"href":"https:\/\/informacionlocal.es\/it\/wp-json\/wp\/v2\/posts\/12001","targetHints":{"allow":["GET"]}}],"collection":[{"href":"https:\/\/informacionlocal.es\/it\/wp-json\/wp\/v2\/posts"}],"about":[{"href":"https:\/\/informacionlocal.es\/it\/wp-json\/wp\/v2\/types\/post"}],"author":[{"embeddable":true,"href":"https:\/\/informacionlocal.es\/it\/wp-json\/wp\/v2\/users\/1"}],"replies":[{"embeddable":true,"href":"https:\/\/informacionlocal.es\/it\/wp-json\/wp\/v2\/comments?post=12001"}],"version-history":[{"count":0,"href":"https:\/\/informacionlocal.es\/it\/wp-json\/wp\/v2\/posts\/12001\/revisions"}],"wp:featuredmedia":[{"embeddable":true,"href":"https:\/\/informacionlocal.es\/it\/wp-json\/wp\/v2\/media\/12003"}],"wp:attachment":[{"href":"https:\/\/informacionlocal.es\/it\/wp-json\/wp\/v2\/media?parent=12001"}],"wp:term":[{"taxonomy":"category","embeddable":true,"href":"https:\/\/informacionlocal.es\/it\/wp-json\/wp\/v2\/categories?post=12001"},{"taxonomy":"post_tag","embeddable":true,"href":"https:\/\/informacionlocal.es\/it\/wp-json\/wp\/v2\/tags?post=12001"}],"curies":[{"name":"wp","href":"https:\/\/api.w.org\/{rel}","templated":true}]}}