{"id":1194,"date":"2025-04-11T03:52:17","date_gmt":"2025-04-11T03:52:17","guid":{"rendered":"https:\/\/informacionlocal.es\/tuineje-promuove-il-recupero-degli-spazi-naturali-con-la-partecipazione-dei-cittadini\/"},"modified":"2025-04-14T10:15:00","modified_gmt":"2025-04-14T10:15:00","slug":"tuineje-promuove-il-recupero-degli-spazi-naturali-con-la-partecipazione-dei-cittadini","status":"publish","type":"post","link":"https:\/\/informacionlocal.es\/it\/tuineje-promuove-il-recupero-degli-spazi-naturali-con-la-partecipazione-dei-cittadini\/","title":{"rendered":"Tuineje promuove il recupero degli spazi naturali con la partecipazione dei cittadini."},"content":{"rendered":"<div class=\"article-content-inner\">\n<p>Il Comune di Tuineje, attraverso l&#8217;Assessorato all&#8217;Ambiente, organizza un&#8217;assemblea di quartiere per avviare il recupero degli spazi naturali nel territorio comunale. L&#8217;incontro si terr\u00e0 gioved\u00ec 10 aprile a partire dalle ore 18:00 presso la Casa della Cultura di Gran Tarajal e ha l&#8217;obiettivo di incoraggiare il coinvolgimento dei cittadini nella tutela dell&#8217;ambiente. <\/p>\n<p>Questa iniziativa risponde all&#8217;impegno del Comune per la sostenibilit\u00e0 e il miglioramento degli spazi naturali, promuovendo azioni coordinate con la comunit\u00e0 per garantirne la conservazione e la cura.<\/p>\n<p>L&#8217;assessore all&#8217;ambiente, Evelyn \u00c1vila, ha sottolineato l&#8217;importanza della partecipazione del quartiere a questo progetto: &#8220;Il recupero dei nostri spazi naturali non \u00e8 solo opera del Comune, ma uno sforzo collettivo in cui vogliamo contare sul coinvolgimento dei residenti di Tuineje. Il loro parere \u00e8 fondamentale per definire le strategie pi\u00f9 efficaci e sostenibili e dal dipartimento ambientale lavoriamo costantemente a favore delle diverse aree del comune&#8221;.<\/p>\n<p>Da parte sua, la sindaca di Tuineje, Candelaria Umpi\u00e9rrez, ha sottolineato l&#8217;impegno del Comune nei confronti dell&#8217;ambiente: &#8220;Al Comune di Tuineje diamo priorit\u00e0 al miglioramento della qualit\u00e0 della vita nel nostro territorio. Il recupero degli spazi naturali \u00e8 una priorit\u00e0 della nostra agenda e questa assemblea \u00e8 il primo passo per costruire insieme un ambiente pi\u00f9 pulito e pi\u00f9 sano&#8221;.<\/p>\n<p>Il Comune di Tuineje invita tutti i cittadini a partecipare a questa assemblea e a contribuire con le loro idee e proposte per procedere insieme al recupero delle aree naturali del comune.<\/p>\n<\/div>\n","protected":false},"excerpt":{"rendered":"<p>Il Comune di Tuineje, attraverso l&#8217;Assessorato all&#8217;Ambiente, organizza un&#8217;assemblea di quartiere per avviare il recupero degli spazi naturali nel territorio comunale. L&#8217;incontro si terr\u00e0 gioved\u00ec 10 aprile a partire dalle [&hellip;]<\/p>\n","protected":false},"author":1,"featured_media":805,"comment_status":"open","ping_status":"open","sticky":false,"template":"","format":"standard","meta":{"inline_featured_image":false,"jnews-multi-image_gallery":[],"jnews_single_post":[],"jnews_primary_category":[],"jnews_social_meta":[],"jnews_override_counter":[],"jnews_post_split":[],"footnotes":""},"categories":[301],"tags":[205,202,224,238,223],"class_list":["post-1194","post","type-post","status-publish","format-standard","has-post-thumbnail","hentry","category-tuineje-it","tag-ambiente","tag-comuni","tag-cultura-e-tempo-libero","tag-eventi","tag-fuerteventura-it"],"jetpack_featured_media_url":"https:\/\/informacionlocal.es\/wp-content\/uploads\/2025\/04\/medio-ambiente-e1743497753128.jpeg","_links":{"self":[{"href":"https:\/\/informacionlocal.es\/it\/wp-json\/wp\/v2\/posts\/1194","targetHints":{"allow":["GET"]}}],"collection":[{"href":"https:\/\/informacionlocal.es\/it\/wp-json\/wp\/v2\/posts"}],"about":[{"href":"https:\/\/informacionlocal.es\/it\/wp-json\/wp\/v2\/types\/post"}],"author":[{"embeddable":true,"href":"https:\/\/informacionlocal.es\/it\/wp-json\/wp\/v2\/users\/1"}],"replies":[{"embeddable":true,"href":"https:\/\/informacionlocal.es\/it\/wp-json\/wp\/v2\/comments?post=1194"}],"version-history":[{"count":1,"href":"https:\/\/informacionlocal.es\/it\/wp-json\/wp\/v2\/posts\/1194\/revisions"}],"predecessor-version":[{"id":1750,"href":"https:\/\/informacionlocal.es\/it\/wp-json\/wp\/v2\/posts\/1194\/revisions\/1750"}],"wp:featuredmedia":[{"embeddable":true,"href":"https:\/\/informacionlocal.es\/it\/wp-json\/wp\/v2\/media\/805"}],"wp:attachment":[{"href":"https:\/\/informacionlocal.es\/it\/wp-json\/wp\/v2\/media?parent=1194"}],"wp:term":[{"taxonomy":"category","embeddable":true,"href":"https:\/\/informacionlocal.es\/it\/wp-json\/wp\/v2\/categories?post=1194"},{"taxonomy":"post_tag","embeddable":true,"href":"https:\/\/informacionlocal.es\/it\/wp-json\/wp\/v2\/tags?post=1194"}],"curies":[{"name":"wp","href":"https:\/\/api.w.org\/{rel}","templated":true}]}}