{"id":11899,"date":"2025-10-04T19:58:37","date_gmt":"2025-10-04T18:58:37","guid":{"rendered":"https:\/\/informacionlocal.es\/candil-de-cuentos-comienza-calentito-con-acento-cubano-y-poeticos-ritmos\/"},"modified":"2025-10-04T19:58:37","modified_gmt":"2025-10-04T18:58:37","slug":"candil-de-cuentos-comienza-calentito-con-acento-cubano-y-poeticos-ritmos","status":"publish","type":"post","link":"https:\/\/informacionlocal.es\/it\/candil-de-cuentos-comienza-calentito-con-acento-cubano-y-poeticos-ritmos\/","title":{"rendered":"Candil de Cuentos comienza calentito, con acento cubano y po\u00e9ticos ritmos"},"content":{"rendered":"<div class=\"elementor-widget-container\">\n<p><strong>Candil de Cuentos comienza calentito, con acento cubano y po\u00e9ticos ritmos<\/strong><\/p>\n<p><strong>\u2022 La pr\u00f3xima cita con Fabio Gonz\u00e1lez que nos trae desde Tenerife, las narraciones de El soldado que enga\u00f1\u00f3 a la muerte, y que podremos escuchar el viernes 10 de octubre a las 19:30 horas en el Patio El Port\u00f3n.<\/strong><\/p>\n<p>El alcalde Mat\u00edas Pe\u00f1a y el concejal de Cultura, Jonathan Pe\u00f1a, dieron la bienvenida a esta quinta edici\u00f3n de Candil de Cuentos, reconociendo el valor art\u00edstico de su directora Gema Guti\u00e9rrez Escobar, que con mucho compromiso y m\u00e1s cari\u00f1o ha dado con la receta del \u00e9xito de esta cita que re\u00fane a los mejores narradores orales de la isla, y a un p\u00fablico que gusta escuchar en un espacio tan propicio como es el patio de la Biblioteca Municipal de Antigua.<\/p>\n<p>Este viernes noche comenzaron las primeras de las historias contadas, en esta ocasi\u00f3n por Marianexy Yanes &amp; Levis Aliaga que con su espect\u00e1culo \u2018Todo nos une. Cuentos er\u00f3ticos y algo m\u00e1s\u2019 calentaron un ambiente por si c\u00e1lido, hicieron bailar a quienes estaban sentados y tras una historia sigui\u00f3 otra de amor y desamor para terminar con el regalo final, de escucharla recitar palabras de poetas, entre otros, Oliverio Girondo con aquel poema que empezaba Me importa un pito que las mujeres tengan los senos como magnolias o como pasas de higo, un cutis de durazno o de papel de lija\u2026 y terminaba\u2026 Si no saben volar \u00a1pierden el tiempo conmigo!<\/p>\n<p>Candil de Cuentos, organizado por la concejal\u00eda de Cultura del Ayuntamiento de Antigua con la direcci\u00f3n art\u00edstica de Gema Guti\u00e9rrez, puede disfrutarse cada viernes a las 19:30 horas en el patio El Port\u00f3n, en la Biblioteca Municipal de Antigua, siendo necesario previa reserva de plaza por ser un espacio limitado. Las reservas pueden realizarse en la misma biblioteca, enviando un email a biblioteca@ayto-antigua.es o llamando al 928549663.<\/p>\n<p>Candil de Cuentos ofrece cada jueves de este mes de octubre, tambi\u00e9n a las 19:30 horas el taller Donde habitan las historias, impartido por la popular cuentacuentos GemaGe.<\/p>\n<p>\u00a0<\/p>\n<\/div>\n","protected":false},"excerpt":{"rendered":"<p><strong>Candil de Cuentos comienza calentito, con acento cubano y po\u00e9ticos ritmos<\/strong><\/p>\n","protected":false},"author":1,"featured_media":11901,"comment_status":"open","ping_status":"open","sticky":false,"template":"","format":"standard","meta":{"inline_featured_image":false,"jnews-multi-image_gallery":[],"jnews_single_post":[],"jnews_primary_category":[],"jnews_social_meta":[],"jnews_override_counter":[],"jnews_post_split":[],"footnotes":""},"categories":[59],"tags":[],"class_list":["post-11899","post","type-post","status-publish","format-standard","has-post-thumbnail","hentry","category-antigua"],"jetpack_featured_media_url":"https:\/\/informacionlocal.es\/wp-content\/uploads\/2025\/10\/candil-de-cuentos-comienza-calentito-con-acento-cubano-y-poeticos-ritmos-2-scaled-1.jpg","_links":{"self":[{"href":"https:\/\/informacionlocal.es\/it\/wp-json\/wp\/v2\/posts\/11899","targetHints":{"allow":["GET"]}}],"collection":[{"href":"https:\/\/informacionlocal.es\/it\/wp-json\/wp\/v2\/posts"}],"about":[{"href":"https:\/\/informacionlocal.es\/it\/wp-json\/wp\/v2\/types\/post"}],"author":[{"embeddable":true,"href":"https:\/\/informacionlocal.es\/it\/wp-json\/wp\/v2\/users\/1"}],"replies":[{"embeddable":true,"href":"https:\/\/informacionlocal.es\/it\/wp-json\/wp\/v2\/comments?post=11899"}],"version-history":[{"count":0,"href":"https:\/\/informacionlocal.es\/it\/wp-json\/wp\/v2\/posts\/11899\/revisions"}],"wp:featuredmedia":[{"embeddable":true,"href":"https:\/\/informacionlocal.es\/it\/wp-json\/wp\/v2\/media\/11901"}],"wp:attachment":[{"href":"https:\/\/informacionlocal.es\/it\/wp-json\/wp\/v2\/media?parent=11899"}],"wp:term":[{"taxonomy":"category","embeddable":true,"href":"https:\/\/informacionlocal.es\/it\/wp-json\/wp\/v2\/categories?post=11899"},{"taxonomy":"post_tag","embeddable":true,"href":"https:\/\/informacionlocal.es\/it\/wp-json\/wp\/v2\/tags?post=11899"}],"curies":[{"name":"wp","href":"https:\/\/api.w.org\/{rel}","templated":true}]}}