{"id":11881,"date":"2025-10-03T20:58:54","date_gmt":"2025-10-03T19:58:54","guid":{"rendered":"https:\/\/informacionlocal.es\/la-policia-nacional-distingue-a-domingo-franquiz-subinspector-jefe-de-la-policia-local-de-antigua\/"},"modified":"2025-10-03T20:58:54","modified_gmt":"2025-10-03T19:58:54","slug":"la-policia-nacional-distingue-a-domingo-franquiz-subinspector-jefe-de-la-policia-local-de-antigua","status":"publish","type":"post","link":"https:\/\/informacionlocal.es\/it\/la-policia-nacional-distingue-a-domingo-franquiz-subinspector-jefe-de-la-policia-local-de-antigua\/","title":{"rendered":"La Polic\u00eda Nacional distingue a Domingo Fr\u00e1nquiz Subinspector Jefe de la Polic\u00eda Local de Antigua"},"content":{"rendered":"<div class=\"elementor-widget-container\">\n<p><strong>La Polic\u00eda Nacional distingue a Domingo Fr\u00e1nquiz Subinspector Jefe de la Polic\u00eda Local de Antigua<\/strong><\/p>\n<p><strong>\u2022 La Polic\u00eda Nacional de Puerto del Rosario reconoce el compromiso y dedicaci\u00f3n del Subinspector Jefe de Antigua, por su valiosa ayuda en el objetivo por mejorar el bienestar de la ciudadan\u00eda.<\/strong><\/p>\n<p>El Ayuntamiento de Antigua y en su representaci\u00f3n el alcalde, Mat\u00edas Pe\u00f1a Garc\u00eda, felicita al Subinspector Jefe de la Polic\u00eda Local, Domingo Fr\u00e1nquiz, por el merecido reconocimiento recibido por la Polic\u00eda Nacional de Puerto del Rosario, que este jueves 2 de octubre, ha celebrado el d\u00eda de sus santos patronos, los Santos \u00c1ngeles Custodios.<\/p>\n<p>El Subinspector Jefe de la Polic\u00eda Local de Antigua, recib\u00eda una placa distintiva reconociendo su compromiso, dedicaci\u00f3n y valiosa ayuda en el objetivo por mejorar el bienestar de la ciudadan\u00eda.<\/p>\n<p>La colaboraci\u00f3n entre los diferentes cuerpos de seguridad siempre ha marcado la forma de trabajar como principal criterio de este Ayuntamiento de Antigua y la Polic\u00eda Local, para dar el mejor servicio a los vecinos y vecinas del Municipio, afirma el alcalde y en este sentido, el Subinspector Jefe Domingo Fr\u00e1nquiz siempre ha mostrado no s\u00f3lo una colaboraci\u00f3n absoluta sino iniciativa con propuestas concretas de mejora en esta coordinaci\u00f3n y en los servicios realizados.<\/p>\n<p>Agradecemos esta distinci\u00f3n de la Polic\u00eda Nacional al Subinspector Jefe, Domingo Fr\u00e1nquiz, al que nos sumamos desde el Ayuntamiento de Antigua, por su implicaci\u00f3n continua en la b\u00fasqueda de soluciones que mejoren el servicio diario en el Municipio, afirma el alcalde.<\/p>\n<\/div>\n","protected":false},"excerpt":{"rendered":"<p><strong>La Polic\u00eda Nacional distingue a Domingo Fr\u00e1nquiz Subinspector Jefe de la Polic\u00eda Local de Antigua<\/strong><\/p>\n","protected":false},"author":1,"featured_media":11883,"comment_status":"open","ping_status":"open","sticky":false,"template":"","format":"standard","meta":{"inline_featured_image":false,"jnews-multi-image_gallery":[],"jnews_single_post":[],"jnews_primary_category":[],"jnews_social_meta":[],"jnews_override_counter":[],"jnews_post_split":[],"footnotes":""},"categories":[59],"tags":[],"class_list":["post-11881","post","type-post","status-publish","format-standard","has-post-thumbnail","hentry","category-antigua"],"jetpack_featured_media_url":"https:\/\/informacionlocal.es\/wp-content\/uploads\/2025\/10\/reconocimiento-de-la-policia-nacional-a-domingo-franquiz.jpg","_links":{"self":[{"href":"https:\/\/informacionlocal.es\/it\/wp-json\/wp\/v2\/posts\/11881","targetHints":{"allow":["GET"]}}],"collection":[{"href":"https:\/\/informacionlocal.es\/it\/wp-json\/wp\/v2\/posts"}],"about":[{"href":"https:\/\/informacionlocal.es\/it\/wp-json\/wp\/v2\/types\/post"}],"author":[{"embeddable":true,"href":"https:\/\/informacionlocal.es\/it\/wp-json\/wp\/v2\/users\/1"}],"replies":[{"embeddable":true,"href":"https:\/\/informacionlocal.es\/it\/wp-json\/wp\/v2\/comments?post=11881"}],"version-history":[{"count":0,"href":"https:\/\/informacionlocal.es\/it\/wp-json\/wp\/v2\/posts\/11881\/revisions"}],"wp:featuredmedia":[{"embeddable":true,"href":"https:\/\/informacionlocal.es\/it\/wp-json\/wp\/v2\/media\/11883"}],"wp:attachment":[{"href":"https:\/\/informacionlocal.es\/it\/wp-json\/wp\/v2\/media?parent=11881"}],"wp:term":[{"taxonomy":"category","embeddable":true,"href":"https:\/\/informacionlocal.es\/it\/wp-json\/wp\/v2\/categories?post=11881"},{"taxonomy":"post_tag","embeddable":true,"href":"https:\/\/informacionlocal.es\/it\/wp-json\/wp\/v2\/tags?post=11881"}],"curies":[{"name":"wp","href":"https:\/\/api.w.org\/{rel}","templated":true}]}}