{"id":11857,"date":"2025-10-03T17:00:42","date_gmt":"2025-10-03T16:00:42","guid":{"rendered":"https:\/\/informacionlocal.es\/curso-de-sevillanas-rumbas-y-flamenco-fusion-en-caleta-de-fuste\/"},"modified":"2025-10-03T17:00:42","modified_gmt":"2025-10-03T16:00:42","slug":"curso-de-sevillanas-rumbas-y-flamenco-fusion-en-caleta-de-fuste","status":"publish","type":"post","link":"https:\/\/informacionlocal.es\/it\/curso-de-sevillanas-rumbas-y-flamenco-fusion-en-caleta-de-fuste\/","title":{"rendered":"Curso de Sevillanas, Rumbas y Flamenco Fusi\u00f3n en Caleta de Fuste"},"content":{"rendered":"<div class=\"elementor-widget-container\">\n<p><strong>Curso de Sevillanas, Rumbas y Flamenco Fusi\u00f3n en Caleta de Fuste<\/strong><\/p>\n<p><strong>\u2022 Informaci\u00f3n en el departamento de Cultura del Ayuntamiento de Antigua o centro cultural de Caleta de Fuste.<\/strong><\/p>\n<p><strong>\u2022 Plazas Limitadas con preferencia a personas mayores de 16 a\u00f1os y empadronadas en el Municipio de Antigua.<\/strong><\/p>\n<p><strong>\u2022 Inscripci\u00f3n por Registro de Entrada en el Ayuntamiento de Antigua, Tenencia de Alcald\u00eda en Caleta de Fuste o sede electr\u00f3nica en la web www.ayto-antigua.es<\/strong><\/p>\n<p>El Ayuntamiento de Antigua desde la concejal\u00eda de Cultura organiza un a\u00f1o m\u00e1s y en respuesta a la demanda recibida el Curso de Sevillanas, Rumbas y Flamenco Fusi\u00f3n que se imparte en Caleta de Fuste los martes y jueves de 19:00 a 20:00 horas.<\/p>\n<p>Caleta de Fuste acoge numerosas iniciativas musicales, mercadillos, o eventos festivos, a los que se suma la importante labor dinamizadora desde la concejal\u00eda de Cultura, impulsando talleres y cursos en el centro cultural de la localidad, afirma el alcalde, Mat\u00edas Pe\u00f1a Garc\u00eda, siendo este centro cultural motor e impulsor de numerosas propuestas e iniciativas.<\/p>\n<p>Reanudamos por tercer a\u00f1o consecutivo el Curso de Sevillanas, Rumba y Flamenco Fusi\u00f3n, que mantiene un \u00e9xito de participaci\u00f3n en cada una de sus ediciones, afirma el concejal de Cultura, Jonathan Pe\u00f1a, ofreciendo t\u00e9cnica, diversi\u00f3n y un h\u00e1bito muy saludable como ejercicio f\u00edsico.<\/p>\n<p>Las plazas son limitadas, y detalla el concejal, siendo los \u00fanicos criterios tener m\u00ednimo 16 a\u00f1os de edad, estar empadronado en el Municipio de Antigua en inscribirse por Registro de Entrada en el Ayuntamiento de Antigua, Tenencia de Alcald\u00eda en Caleta de Fuste o por sede electr\u00f3nica en la web www.ayto-antigua.es.<\/p>\n<p>\u00a0<\/p>\n<\/div>\n","protected":false},"excerpt":{"rendered":"<p><strong>Curso de Sevillanas, Rumbas y Flamenco Fusi\u00f3n en Caleta de Fuste<\/strong><\/p>\n","protected":false},"author":1,"featured_media":11859,"comment_status":"open","ping_status":"open","sticky":false,"template":"","format":"standard","meta":{"inline_featured_image":false,"jnews-multi-image_gallery":[],"jnews_single_post":[],"jnews_primary_category":[],"jnews_social_meta":[],"jnews_override_counter":[],"jnews_post_split":[],"footnotes":""},"categories":[59],"tags":[69],"class_list":["post-11857","post","type-post","status-publish","format-standard","has-post-thumbnail","hentry","category-antigua","tag-eventos"],"jetpack_featured_media_url":"https:\/\/informacionlocal.es\/wp-content\/uploads\/2025\/10\/clases-de-sevillana-formato-para-redes-sociales.png","_links":{"self":[{"href":"https:\/\/informacionlocal.es\/it\/wp-json\/wp\/v2\/posts\/11857","targetHints":{"allow":["GET"]}}],"collection":[{"href":"https:\/\/informacionlocal.es\/it\/wp-json\/wp\/v2\/posts"}],"about":[{"href":"https:\/\/informacionlocal.es\/it\/wp-json\/wp\/v2\/types\/post"}],"author":[{"embeddable":true,"href":"https:\/\/informacionlocal.es\/it\/wp-json\/wp\/v2\/users\/1"}],"replies":[{"embeddable":true,"href":"https:\/\/informacionlocal.es\/it\/wp-json\/wp\/v2\/comments?post=11857"}],"version-history":[{"count":0,"href":"https:\/\/informacionlocal.es\/it\/wp-json\/wp\/v2\/posts\/11857\/revisions"}],"wp:featuredmedia":[{"embeddable":true,"href":"https:\/\/informacionlocal.es\/it\/wp-json\/wp\/v2\/media\/11859"}],"wp:attachment":[{"href":"https:\/\/informacionlocal.es\/it\/wp-json\/wp\/v2\/media?parent=11857"}],"wp:term":[{"taxonomy":"category","embeddable":true,"href":"https:\/\/informacionlocal.es\/it\/wp-json\/wp\/v2\/categories?post=11857"},{"taxonomy":"post_tag","embeddable":true,"href":"https:\/\/informacionlocal.es\/it\/wp-json\/wp\/v2\/tags?post=11857"}],"curies":[{"name":"wp","href":"https:\/\/api.w.org\/{rel}","templated":true}]}}