{"id":11833,"date":"2025-10-03T11:04:01","date_gmt":"2025-10-03T10:04:01","guid":{"rendered":"https:\/\/informacionlocal.es\/gasoil-derramado-sobre-arboles-y-palmeras-nuevos-actos-vandalicos-contra-los-jardines-en-tindaya\/"},"modified":"2025-10-03T11:04:01","modified_gmt":"2025-10-03T10:04:01","slug":"gasoil-derramado-sobre-arboles-y-palmeras-nuevos-actos-vandalicos-contra-los-jardines-en-tindaya","status":"publish","type":"post","link":"https:\/\/informacionlocal.es\/it\/gasoil-derramado-sobre-arboles-y-palmeras-nuevos-actos-vandalicos-contra-los-jardines-en-tindaya\/","title":{"rendered":"Gasoil derramado sobre \u00e1rboles y palmeras, nuevos actos vand\u00e1licos contra los jardines en Tindaya"},"content":{"rendered":"<p>Nuevo acto vand\u00e1lico contra \u00e1rboles y palmeras trasplantadas en el municipio. A pesar de la voluntad del Ayuntamiento de la Oliva, en concreto, la Concejal\u00eda de Jardines, que gestiona Ver\u00f3nica Saavedra, por recuperar zonas verdes en el municipio, el incivismo contra las plantas en Tindaya frena la labor diaria del Consistorio. La pasada semana, operarios de Jardines advirtieron que los \u00e1rboles y palmeras trasplantados al parterre de la calle Lomo Blanco en Tindaya estaban empapados de gasoil.  <\/p>\n<p>No es la primera vez que la Concejal\u00eda de Jardines se enfrenta al vandalismo. Robos y plantas arrancadas son algunos de los da\u00f1os que han sufrido las zonas verdes del municipio, acciones que imposibilitan la recuperaci\u00f3n de espacios dedicados en exclusiva a flores, \u00e1rboles y otras plantas. <\/p>\n<p>El alcalde de La Oliva, Isa\u00ed Blanco, denuncia los hechos: \u201cAcciones como esta frenan el trabajo y de la Concejal\u00eda e impiden que se siga el planteamiento pensado para mejorar los jardines del municipio siga adelante. Cuidar de nuestro municipio es un asunto que nos compete a todos los ciudadanos, por ello pedimos que denuncien cualquier acci\u00f3n que atente contra el bienestar de La Oliva. <\/p>\n<p>Por su parte, la concejala de Jardines y Zonas Verdes, Ver\u00f3nica Saavedra, manifiesta: \u201cDesde la Concejal\u00eda solicitamos colaboraci\u00f3n ciudadana a los vecinos y vecinas no solo para que cuiden y respeten los espacios verdes que estamos creando sino tambi\u00e9n para que denuncien a la Polic\u00eda Local en caso de presenciar alguna acci\u00f3n sospechosa que pueda atentar en contra del trabajo en estas zonas.\u201d <\/p>\n<p>El Consistorio ya ha levantado un acta policial contra los hechos. A\u00fan as\u00ed, la Polic\u00eda Local y los operarios de Jardines continuar\u00e1n pendientes de nuevas incidencias. Desde el Ayuntamiento se solicita colaboraci\u00f3n ciudadana para frenar estas acciones que van en contra del cuidado del municipio.<\/p>\n","protected":false},"excerpt":{"rendered":"<p><span>El Consistorio denuncia incivismo contra la voluntad del gobierno local por recuperar jardines y zonas verdes en el municipio<\/span><\/p>\n","protected":false},"author":1,"featured_media":11835,"comment_status":"open","ping_status":"open","sticky":false,"template":"","format":"standard","meta":{"inline_featured_image":false,"jnews-multi-image_gallery":[],"jnews_single_post":[],"jnews_primary_category":[],"jnews_social_meta":[],"jnews_override_counter":[],"jnews_post_split":[],"footnotes":""},"categories":[62],"tags":[],"class_list":["post-11833","post","type-post","status-publish","format-standard","has-post-thumbnail","hentry","category-la-oliva"],"jetpack_featured_media_url":"https:\/\/informacionlocal.es\/wp-content\/uploads\/2025\/10\/5254_525c8760.png","_links":{"self":[{"href":"https:\/\/informacionlocal.es\/it\/wp-json\/wp\/v2\/posts\/11833","targetHints":{"allow":["GET"]}}],"collection":[{"href":"https:\/\/informacionlocal.es\/it\/wp-json\/wp\/v2\/posts"}],"about":[{"href":"https:\/\/informacionlocal.es\/it\/wp-json\/wp\/v2\/types\/post"}],"author":[{"embeddable":true,"href":"https:\/\/informacionlocal.es\/it\/wp-json\/wp\/v2\/users\/1"}],"replies":[{"embeddable":true,"href":"https:\/\/informacionlocal.es\/it\/wp-json\/wp\/v2\/comments?post=11833"}],"version-history":[{"count":0,"href":"https:\/\/informacionlocal.es\/it\/wp-json\/wp\/v2\/posts\/11833\/revisions"}],"wp:featuredmedia":[{"embeddable":true,"href":"https:\/\/informacionlocal.es\/it\/wp-json\/wp\/v2\/media\/11835"}],"wp:attachment":[{"href":"https:\/\/informacionlocal.es\/it\/wp-json\/wp\/v2\/media?parent=11833"}],"wp:term":[{"taxonomy":"category","embeddable":true,"href":"https:\/\/informacionlocal.es\/it\/wp-json\/wp\/v2\/categories?post=11833"},{"taxonomy":"post_tag","embeddable":true,"href":"https:\/\/informacionlocal.es\/it\/wp-json\/wp\/v2\/tags?post=11833"}],"curies":[{"name":"wp","href":"https:\/\/api.w.org\/{rel}","templated":true}]}}