{"id":11827,"date":"2025-10-03T00:00:54","date_gmt":"2025-10-02T23:00:54","guid":{"rendered":"https:\/\/informacionlocal.es\/el-cabildo-incorpora-a-su-carta-de-servicios-de-obras-y-maquinaria-un-tractor-para-despedregar-terrenos-de-cultivo-como-las-gavias\/"},"modified":"2025-10-03T00:00:54","modified_gmt":"2025-10-02T23:00:54","slug":"el-cabildo-incorpora-a-su-carta-de-servicios-de-obras-y-maquinaria-un-tractor-para-despedregar-terrenos-de-cultivo-como-las-gavias","status":"publish","type":"post","link":"https:\/\/informacionlocal.es\/it\/el-cabildo-incorpora-a-su-carta-de-servicios-de-obras-y-maquinaria-un-tractor-para-despedregar-terrenos-de-cultivo-como-las-gavias\/","title":{"rendered":"El Cabildo incorpora a su carta de servicios de Obras y Maquinaria un tractor para despedregar terrenos de cultivo como las gavias"},"content":{"rendered":"<div class=\"entry-content\"><strong>2 octubre, 2025<\/strong><\/p>\n<p><em><strong>El Agarin RC3000A, que realizar\u00e1 pruebas durante las pr\u00f3ximas semanas, est\u00e1 dise\u00f1ado para cribar piedras sueltas en capas superficiales y recogerlas en un dep\u00f3sito<\/strong><\/em><\/p>\n<p><em><strong>Blas Acosta: \u201cEste tractor especializado va en l\u00ednea con nuestra estrategia de apoyo al sector Primario y a contribuir con hechos a Fuerteventura avance hacia la soberan\u00eda alimentaria\u201d<\/strong><\/em><\/p>\n<p>El Cabildo de Fuerteventura, a trav\u00e9s de Obras<br \/>\ny Maquinaria, acaba de incorporar una nueva herramienta a su carta de<br \/>\nservicios: un tractor especializado en despedregar terrenos de cultivo como las<br \/>\ngavias. El Agarin RC3000A es capaz de cribar las rocas sueltas en suelos de<br \/>\ntierra uniformes, ya sean llanos o en cuesta. Sin duda, una adquisici\u00f3n que<br \/>\nsupondr\u00e1 un impulso para los agricultores y agricultoras de Fuerteventura,<br \/>\nseg\u00fan ha resaltado la presidenta insular, Lola Garc\u00eda, \u201ccon el objetivo de<br \/>\nrespaldar la gran labor que realizan los profesionales del sector primario en<br \/>\nla Isla\u201d.<\/p>\n<p>El consejero de Obras y Maquinaria, Blas<br \/>\nAcosta, explica que \u201ceste tractor especializado va en l\u00ednea con nuestra<br \/>\nestrategia de apoyo al sector Primario y a contribuir con hechos y realidades<br \/>\ntangibles a Fuerteventura avance hacia la soberan\u00eda alimentaria\u201d.<\/p>\n<p>El Servicio de Obras y Maquinaria ha<br \/>\nprogramado diversas pruebas durante las pr\u00f3ximas semanas para comprobar las<br \/>\ncapacidades y versatilidad del Agarin RC3000A en los terrenos majoreros.<br \/>\n\u201cQueremos la m\u00e1xima eficiencia y fiabilidad en cuanto entre en servicio para<br \/>\ncubrir el mayor n\u00famero de gavias sin contratiempos\u201d, a\u00f1ade Blas Acosta.<\/p>\n<p>El tractor \u2018despedregador\u2019 se suma as\u00ed a las<br \/>\ndotaciones del Servicio de Obras y Maquinaria destinadas a apoyar el<br \/>\nmantenimiento de gavias, tanto por su estructura (para contener el agua de<br \/>\nlluvia y alimentar los acu\u00edferos) como por su capacidad de cultivo (preparando<br \/>\nel terreno para la siembra) y por su valor como paisaje identitario de<br \/>\nFuerteventura (una de las se\u00f1as de identidad de la isla como destino<br \/>\ntur\u00edstico).<\/p>\n<p>El Agarin RC3000A est\u00e1 dise\u00f1ado para cribar<br \/>\npiedras sueltas hasta una profundidad de diez cent\u00edmetros y, en la misma<br \/>\npasada, retirarlas y almacenarlas en un dep\u00f3sito que lleva incorporado para su<br \/>\nposterior reubicaci\u00f3n fuera de la zona de cultivo.<\/p>\n<p>Cabe destacar que esas primeras capas<br \/>\nsuperficiales son fundamentales en un terreno de cultivo, ya que es ah\u00ed donde<br \/>\nel plant\u00f3n comienza a enraizarse. Del \u00e9xito de esta fase depender\u00e1 que la<br \/>\nplanta se desarrolle. Por tanto, la incorporaci\u00f3n del tractor \u2018despedregador\u2019 a<br \/>\nlos trabajos que prestan los tractores agr\u00edcolas de Obras y Maquinaria supone<br \/>\nun respaldo \u201cconcreto y tangible\u201d al \u00e9xito\u00a0<br \/>\nque despu\u00e9s tenga un agricultor en sacar adelante su cosecha.<\/p>\n<\/div>\n","protected":false},"excerpt":{"rendered":"<p>2 octubre, 2025 El Agarin RC3000A, que realizar\u00e1 pruebas durante las pr\u00f3ximas semanas, est\u00e1 dise\u00f1ado para cribar piedras sueltas en capas superficiales y recogerlas en un dep\u00f3sito Blas Acosta: \u201cEste [&hellip;]<\/p>\n","protected":false},"author":1,"featured_media":11829,"comment_status":"open","ping_status":"open","sticky":false,"template":"","format":"standard","meta":{"inline_featured_image":false,"jnews-multi-image_gallery":[],"jnews_single_post":[],"jnews_primary_category":[],"jnews_social_meta":[],"jnews_override_counter":[],"jnews_post_split":[],"footnotes":""},"categories":[58],"tags":[82],"class_list":["post-11827","post","type-post","status-publish","format-standard","has-post-thumbnail","hentry","category-cabildo","tag-fuerteventura"],"jetpack_featured_media_url":"https:\/\/informacionlocal.es\/wp-content\/uploads\/2025\/10\/maquinaria.jpeg","_links":{"self":[{"href":"https:\/\/informacionlocal.es\/it\/wp-json\/wp\/v2\/posts\/11827","targetHints":{"allow":["GET"]}}],"collection":[{"href":"https:\/\/informacionlocal.es\/it\/wp-json\/wp\/v2\/posts"}],"about":[{"href":"https:\/\/informacionlocal.es\/it\/wp-json\/wp\/v2\/types\/post"}],"author":[{"embeddable":true,"href":"https:\/\/informacionlocal.es\/it\/wp-json\/wp\/v2\/users\/1"}],"replies":[{"embeddable":true,"href":"https:\/\/informacionlocal.es\/it\/wp-json\/wp\/v2\/comments?post=11827"}],"version-history":[{"count":0,"href":"https:\/\/informacionlocal.es\/it\/wp-json\/wp\/v2\/posts\/11827\/revisions"}],"wp:featuredmedia":[{"embeddable":true,"href":"https:\/\/informacionlocal.es\/it\/wp-json\/wp\/v2\/media\/11829"}],"wp:attachment":[{"href":"https:\/\/informacionlocal.es\/it\/wp-json\/wp\/v2\/media?parent=11827"}],"wp:term":[{"taxonomy":"category","embeddable":true,"href":"https:\/\/informacionlocal.es\/it\/wp-json\/wp\/v2\/categories?post=11827"},{"taxonomy":"post_tag","embeddable":true,"href":"https:\/\/informacionlocal.es\/it\/wp-json\/wp\/v2\/tags?post=11827"}],"curies":[{"name":"wp","href":"https:\/\/api.w.org\/{rel}","templated":true}]}}